{"id":115805,"date":"2021-04-29T09:08:43","date_gmt":"2021-04-29T13:08:43","guid":{"rendered":"https:\/\/linitiative.ca\/International\/le-mois-du-jeune-ayant-toujours-ete-considere-comme-une-periode-de-haute-saison-les-artisans-de-tanger-a-la-peine\/"},"modified":"2021-04-29T09:08:43","modified_gmt":"2021-04-29T13:08:43","slug":"le-mois-du-jeune-ayant-toujours-ete-considere-comme-une-periode-de-haute-saison-les-artisans-de-tanger-a-la-peine","status":"publish","type":"post","link":"https:\/\/linitiative.ca\/International\/le-mois-du-jeune-ayant-toujours-ete-considere-comme-une-periode-de-haute-saison-les-artisans-de-tanger-a-la-peine\/","title":{"rendered":"Le mois du je\u00fbne ayant toujours \u00e9t\u00e9 consid\u00e9r\u00e9 comme une p\u00e9riode de haute saison  : Les artisans de Tanger \u00e0 la peine"},"content":{"rendered":"<figure class=\"post-thumbnail\" itemprop=\"associatedMedia\" itemscope=\"itemscope\" itemtype=\"http:\/\/schema.org\/ImageObject\"><img decoding=\"async\" class=\"post_layout_5_img\" src=\"http:\/\/aujourdhui.ma\/wp-content\/uploads\/2021\/04\/1-L_engouement-pour-les-tenues-traditionnelles.jpg\" alt=\"Le mois du je\u00fbne ayant toujours \u00e9t\u00e9 consid\u00e9r\u00e9 comme une p\u00e9riode de haute saison : Les artisans de Tanger \u00e0 la peine\"\/><\/figure>\n<p><span class=\"c7\"><strong>Bien que leur situation semble en quelque sorte meilleure qu\u2019au d\u00e9but de la pand\u00e9mie de la Covid-19, les artisans \u00e0 Tanger disent avoir du mal, pour la deuxi\u00e8me ann\u00e9e cons\u00e9cutive, \u00e0 retrouver le rythme de leur activit\u00e9 pendant le mois du Ramadan, comme en temps normal.<\/strong><\/span> <span id=\"more-375174\"\/><\/p>\n<p>D\u2019autant plus que ce mois sacr\u00e9 ayant toujours \u00e9t\u00e9 consid\u00e9r\u00e9 pour la plupart d\u2019entre eux comme une p\u00e9riode de haute saison compte tenu d\u2019une forte demande pour les produits d\u2019artisanat, dont les tenues traditionnelles (jellabas, abayas, babouches,\u2026, pour adultes et enfants), Chebakia et autres g\u00e2teaux ramadanesques\u2026, enregistr\u00e9e au cours de ces trente jours du je\u00fbne. Contrairement \u00e0 Ramadan 2020, o\u00f9 \u00ables couturiers traditionnels, comme les autres artisans, ont arr\u00eat\u00e9 de travailler en respect des premi\u00e8res mesures du confinement, ils connaissent cette ann\u00e9e un certain regain de leur activit\u00e9 permettant \u00e0 peine de couvrir leurs d\u00e9penses\u00bb, fait savoir Mohamed Nachit, couturier traditionnel et pr\u00e9sident de la commission des foires \u00e0 la Chambre d\u2019artisanat de Tanger-T\u00e9touan-Al Hoceima.<\/p>\n<p><span class=\"c8\"><strong>M\u00eame engouement pour les habits traditionnels<\/strong><\/span><\/p>\n<p>Malgr\u00e9 la crise, cette ann\u00e9e conna\u00eet, selon cet acteur professionnel, un engouement pour les habits traditionnels de la part des Tang\u00e9rois qui ont l\u2019habitude de c\u00e9l\u00e9brer le mois de Ramadan comme il se doit. \u00abJ\u2019ai appris de mes coll\u00e8gues couturiers, dont ceux de Plaza Toro, Drissia, B\u00e9ni Makada qu\u2019ils ont connu une augmentation de la demande \u00e0 cette occasion. Mais l\u2019avancement de l\u2019heure du couvre feu pendant le mois de Ramadan a perturb\u00e9 notre activit\u00e9. Surtout que nous effectuons la plupart de notre travail dans nos ateliers et qu\u2019il tr\u00e8s difficile de les r\u00e9aliser chez-nous. A l\u2019exception de l\u2019Akad et d\u2019autres petites choses faites \u00e0 la main\u00bb, explique M. Nachit<\/p>\n<p>Apr\u00e8s avoir rat\u00e9 plusieurs occasions depuis le d\u00e9but de la pand\u00e9mie, les professions ont mis\u00e9 beaucoup sur le mois de Ramadan et l\u2019A\u00efd El Fitr pour pouvoir se rattraper et redresser leur situation. Ainsi et avec le maintien des restrictions sanitaires en place, la situation demeure, \u00e0 leurs yeux, incertaine et la reprise semble tr\u00e8s difficile. \u00abNotre secteur est parmi les plus affect\u00e9s par la crise. Car plusieurs couturiers traditionnels ont d\u00e9cid\u00e9 d\u2019abandonner et de se retirer d\u00e9finitivement du m\u00e9tier \u00e0 cause du manque de moyens pour r\u00e9gler le loyer, les frais d\u2019\u00e9lectricit\u00e9,\u2026 Sans oublier les artisans de l\u2019ancienne m\u00e9dina qui ont choisi pour leur majorit\u00e9 de garder leurs ateliers ferm\u00e9s en raison des travaux de r\u00e9habilitation men\u00e9s sur les lieux\u00bb, a dit M. Nachit, faisant remarquer qu\u2019en attendant l\u2019all\u00e8gement des restrictions sanitaires et l\u2019ach\u00e8vement des travaux de r\u00e9habilitation et d\u2019embellissement de l\u2019ancienne m\u00e9dina, qui sont destin\u00e9s \u00e0 jouer en faveur de l\u2019am\u00e9lioration de l\u2019attractivit\u00e9 touristique de la ville, \u00abnous devons faire de notre mieux pour pouvoir continuer \u00e0 exercer notre m\u00e9tier, voire penser \u00e0 nous pr\u00e9parer pour la p\u00e9riode de l\u2019apr\u00e8s crise\u00bb.<\/p>\n<p><span class=\"c8\"><strong>Une aubaine pour tous les m\u00e9tiers de proximit\u00e9<\/strong><\/span><\/p>\n<p>En plus des couturiers traditionnels, les repr\u00e9sentants d\u2019autres m\u00e9tiers de production ou de services d\u2019artisanat ont toujours consid\u00e9r\u00e9 le Ramadan comme une aubaine, leur permettant d\u2019augmenter leurs chiffres d\u2019affaires.<br \/>Comme c\u2019est le cas d\u2019Abdelaziz Bouhali, pr\u00e9sident de la commission du budget et des affaires financi\u00e8res \u00e0 la Chambre d\u2019artisanat de Tanger-T\u00e9touan-Al Hoceima et exer\u00e7ant comme coiffeur depuis une trentaine d\u2019ann\u00e9es, qui fait part que la situation est bien meilleure que l\u2019ann\u00e9e derni\u00e8re o\u00f9 les professionnels ont d\u00fb arr\u00eater leurs activit\u00e9s en respect des premi\u00e8res mesures du confinement. \u00abNous faisons partie des m\u00e9tiers de proximit\u00e9 qui existent dans tous les quartiers de la ville.<\/p>\n<p>Nous cherchons toujours \u00e0 inventer et \u00eatre au courant des nouvelles coupes de cheveux, mais aussi nous adapter \u00e0 l\u2019horaire de notre client\u00e8le. Avant la pand\u00e9mie, nous avions l\u2019habitude, pendant le Ramadan, d\u2019ouvrir apr\u00e8s la pri\u00e8re de Tarawih, o\u00f9 nous recevons g\u00e9n\u00e9ralement plus de nos clients\u00bb, dit M. Bouhali, faisant remarquer qu\u2019avec l\u2019avancement de l\u2019heure du confinement, les professionnels ont perdu une grande partie de leur client\u00e8le pendant le Ramadan.<\/p>\n<p>Auteur: Najat Fa\u00efssal<br \/>\n<a href=\"https:\/\/aujourdhui.ma\/culture\/le-mois-du-jeune-ayant-toujours-ete-considere-comme-une-periode-de-haute-saison-les-artisans-de-tanger-a-la-peine\">Cliquez ici pour lire l&rsquo;article depuis sa source.<\/a><\/p>\n","protected":false},"excerpt":{"rendered":"<p>Bien que leur situation semble en quelque sorte meilleure qu\u2019au d\u00e9but de la pand\u00e9mie de la Covid-19, les artisans \u00e0 Tanger disent avoir du mal, pour la deuxi\u00e8me ann\u00e9e cons\u00e9cutive, \u00e0 retrouver le rythme de leur activit\u00e9 pendant le mois du Ramadan, comme en temps normal. D\u2019autant plus que ce mois sacr\u00e9 ayant toujours \u00e9t\u00e9 [&hellip;]<\/p>\n","protected":false},"author":1759,"featured_media":0,"comment_status":"closed","ping_status":"closed","sticky":false,"template":"","format":"standard","meta":{"fifu_image_url":"http:\/\/aujourdhui.ma\/wp-content\/uploads\/2021\/04\/1-L_engouement-pour-les-tenues-traditionnelles.jpg","fifu_image_alt":"Le mois du je\u00fbne ayant toujours \u00e9t\u00e9 consid\u00e9r\u00e9 comme une p\u00e9riode de haute saison  : Les artisans de Tanger \u00e0 la peine","footnotes":""},"categories":[73,54],"tags":[],"class_list":["post-115805","post","type-post","status-publish","format-standard","hentry","category-actualite","category-maroc"],"_links":{"self":[{"href":"https:\/\/linitiative.ca\/International\/wp-json\/wp\/v2\/posts\/115805","targetHints":{"allow":["GET"]}}],"collection":[{"href":"https:\/\/linitiative.ca\/International\/wp-json\/wp\/v2\/posts"}],"about":[{"href":"https:\/\/linitiative.ca\/International\/wp-json\/wp\/v2\/types\/post"}],"author":[{"embeddable":true,"href":"https:\/\/linitiative.ca\/International\/wp-json\/wp\/v2\/users\/1759"}],"replies":[{"embeddable":true,"href":"https:\/\/linitiative.ca\/International\/wp-json\/wp\/v2\/comments?post=115805"}],"version-history":[{"count":0,"href":"https:\/\/linitiative.ca\/International\/wp-json\/wp\/v2\/posts\/115805\/revisions"}],"wp:attachment":[{"href":"https:\/\/linitiative.ca\/International\/wp-json\/wp\/v2\/media?parent=115805"}],"wp:term":[{"taxonomy":"category","embeddable":true,"href":"https:\/\/linitiative.ca\/International\/wp-json\/wp\/v2\/categories?post=115805"},{"taxonomy":"post_tag","embeddable":true,"href":"https:\/\/linitiative.ca\/International\/wp-json\/wp\/v2\/tags?post=115805"}],"curies":[{"name":"wp","href":"https:\/\/api.w.org\/{rel}","templated":true}]}}