{"id":115806,"date":"2021-04-29T09:30:20","date_gmt":"2021-04-29T13:30:20","guid":{"rendered":"https:\/\/linitiative.ca\/International\/beni-mellal-saisie-de-pres-de-2-000-kg-de-produits-alimentaires-impropres-a-la-consommation\/"},"modified":"2021-04-29T09:30:20","modified_gmt":"2021-04-29T13:30:20","slug":"beni-mellal-saisie-de-pres-de-2-000-kg-de-produits-alimentaires-impropres-a-la-consommation","status":"publish","type":"post","link":"https:\/\/linitiative.ca\/International\/beni-mellal-saisie-de-pres-de-2-000-kg-de-produits-alimentaires-impropres-a-la-consommation\/","title":{"rendered":"B\u00e9ni Mellal : Saisie de pr\u00e8s de 2.000 kg de produits alimentaires impropres \u00e0 la consommation"},"content":{"rendered":"<header>\n<\/header>\n<div class=\"entry-content clearfix\" readability=\"61\">\n<figure class=\"post-thumbnail\" itemprop=\"associatedMedia\" itemscope=\"itemscope\" itemtype=\"http:\/\/schema.org\/ImageObject\"><img decoding=\"async\" class=\"post_layout_5_img\" src=\"http:\/\/aujourdhui.ma\/wp-content\/uploads\/2021\/04\/produits-alimentaires-impropres-a-la-consommation.jpg\" alt=\"B\u00e9ni Mellal : Saisie de pr\u00e8s de 2.000 kg de produits alimentaires impropres \u00e0 la consommation\"\/><\/figure>\n<p><span class=\"c7\"><strong>Les op\u00e9rations de contr\u00f4le men\u00e9es par la commission provinciale mixte de B\u00e9ni Mellal, depuis le d\u00e9but du mois sacr\u00e9 du Ramadan, ont abouti \u00e0 la saisie et \u00e0 la destruction de pr\u00e8s de 2.000 kg de denr\u00e9es et produits alimentaires impropres \u00e0 la consommation, selon les donn\u00e9es de la pr\u00e9fecture de la province de B\u00e9ni Mellal.<\/strong><\/span><span id=\"more-375185\"\/><\/p>\n<p>Ces produits saisis, destin\u00e9s \u00e0 la consommation humaine pendant ce mois sacr\u00e9, comprenaient principalement de la confiture, des fruits, des boissons gazeuses, du lait et ses d\u00e9riv\u00e9s, divers produits animaux en plus des confiseries, selon la m\u00eame source, qui assure qu\u2019en parall\u00e8le \u00e0 ces op\u00e9rations et afin de poursuivre la mise en \u0153uvre de la loi interdisant l\u2019utilisation des sacs en plastique, la commission provinciale mixte a, \u00e9galement, saisi des quantit\u00e9s importantes de sacs en plastique et dress\u00e9 des proc\u00e8s-verbaux \u00e0 l\u2019encontre de plusieurs commer\u00e7ants.<br \/>Ces op\u00e9rations s\u2019inscrivent dans le cadre du suivi quotidien par la commission provinciale mixte de l\u2019\u00e9tat de l\u2019approvisionnement des march\u00e9s locaux et diff\u00e9rents points de vente et de distribution de la province de B\u00e9ni Mellal \u00e0 l\u2019occasion du mois b\u00e9ni de Ramadan, en \u00e9troite collaboration avec les autorit\u00e9s locales et s\u00e9curitaires, pour le contr\u00f4le des march\u00e9s, des points de vente et de stockage, ainsi que de sensibilisation au respect des conditions d\u2019hygi\u00e8ne et de s\u00e9curit\u00e9 alimentaire conform\u00e9ment aux dispositions relatives \u00e0 la protection des consommateurs, le principe de la libert\u00e9 des prix et de la concurrence.<br \/>Le contr\u00f4le par la commission comprend les op\u00e9rations de contr\u00f4le des prix, des normes de stockage et de la qualit\u00e9 des denr\u00e9es alimentaires mises en vente.<br \/>Afin d\u2019assurer une communication fluide avec les consommateurs durant le mois b\u00e9ni de Ramadan notamment en recevant leurs plaintes, une cellule de veille a \u00e9t\u00e9 mise en place sept jours sur sept (7\/7 jours) pour recevoir et traiter les plaintes des citoyens.<\/p>\n<\/div>\n<p>Auteur: ALM<br \/>\n<a href=\"https:\/\/aujourdhui.ma\/economie\/beni-mellal-saisie-de-pres-de-2-000-kg-de-produits-alimentaires-impropres-a-la-consommation\">Cliquez ici pour lire l&rsquo;article depuis sa source.<\/a><\/p>\n","protected":false},"excerpt":{"rendered":"<p>Les op\u00e9rations de contr\u00f4le men\u00e9es par la commission provinciale mixte de B\u00e9ni Mellal, depuis le d\u00e9but du mois sacr\u00e9 du Ramadan, ont abouti \u00e0 la saisie et \u00e0 la destruction de pr\u00e8s de 2.000 kg de denr\u00e9es et produits alimentaires impropres \u00e0 la consommation, selon les donn\u00e9es de la pr\u00e9fecture de la province de B\u00e9ni [&hellip;]<\/p>\n","protected":false},"author":1759,"featured_media":0,"comment_status":"closed","ping_status":"closed","sticky":false,"template":"","format":"standard","meta":{"fifu_image_url":"http:\/\/aujourdhui.ma\/wp-content\/uploads\/2021\/04\/produits-alimentaires-impropres-a-la-consommation.jpg","fifu_image_alt":"B\u00e9ni Mellal : Saisie de pr\u00e8s de 2.000 kg de produits alimentaires impropres \u00e0 la consommation","footnotes":""},"categories":[73,54],"tags":[],"class_list":["post-115806","post","type-post","status-publish","format-standard","hentry","category-actualite","category-maroc"],"_links":{"self":[{"href":"https:\/\/linitiative.ca\/International\/wp-json\/wp\/v2\/posts\/115806","targetHints":{"allow":["GET"]}}],"collection":[{"href":"https:\/\/linitiative.ca\/International\/wp-json\/wp\/v2\/posts"}],"about":[{"href":"https:\/\/linitiative.ca\/International\/wp-json\/wp\/v2\/types\/post"}],"author":[{"embeddable":true,"href":"https:\/\/linitiative.ca\/International\/wp-json\/wp\/v2\/users\/1759"}],"replies":[{"embeddable":true,"href":"https:\/\/linitiative.ca\/International\/wp-json\/wp\/v2\/comments?post=115806"}],"version-history":[{"count":0,"href":"https:\/\/linitiative.ca\/International\/wp-json\/wp\/v2\/posts\/115806\/revisions"}],"wp:attachment":[{"href":"https:\/\/linitiative.ca\/International\/wp-json\/wp\/v2\/media?parent=115806"}],"wp:term":[{"taxonomy":"category","embeddable":true,"href":"https:\/\/linitiative.ca\/International\/wp-json\/wp\/v2\/categories?post=115806"},{"taxonomy":"post_tag","embeddable":true,"href":"https:\/\/linitiative.ca\/International\/wp-json\/wp\/v2\/tags?post=115806"}],"curies":[{"name":"wp","href":"https:\/\/api.w.org\/{rel}","templated":true}]}}