{"id":115808,"date":"2021-04-29T11:00:54","date_gmt":"2021-04-29T15:00:54","guid":{"rendered":"https:\/\/linitiative.ca\/International\/aquaculture-landa-propose-490-ha-aux-investisseurs-dans-la-region-de-guelmim\/"},"modified":"2021-04-29T11:00:54","modified_gmt":"2021-04-29T15:00:54","slug":"aquaculture-landa-propose-490-ha-aux-investisseurs-dans-la-region-de-guelmim","status":"publish","type":"post","link":"https:\/\/linitiative.ca\/International\/aquaculture-landa-propose-490-ha-aux-investisseurs-dans-la-region-de-guelmim\/","title":{"rendered":"Aquaculture : L\u2019ANDA propose 490 ha aux investisseurs dans la r\u00e9gion de Guelmim"},"content":{"rendered":"<figure class=\"post-thumbnail\" itemprop=\"associatedMedia\" itemscope=\"itemscope\" itemtype=\"http:\/\/schema.org\/ImageObject\"><img decoding=\"async\" class=\"post_layout_5_img\" src=\"http:\/\/aujourdhui.ma\/wp-content\/uploads\/2019\/08\/Aquaculture.jpg\" alt=\"Aquaculture : L\u2019ANDA propose 490 ha aux investisseurs dans la r\u00e9gion de Guelmim\"\/><\/figure>\n<p><span class=\"c7\"><strong>490 ha repartis en 24 parcelles sont ouverts \u00e0 l\u2019investissement dans la r\u00e9gion de Guelmim-Oued Noun par l\u2019Agence nationale de l\u2019aquaculture (ANDA).<\/strong><\/span><span id=\"more-375182\"\/><br \/>Dans l\u2019objectif de permettre aux nouveaux porteurs de projets d\u2019investir dans le secteur de l\u2019aquaculture au niveau de la r\u00e9gion Guelmim-Oued Noun en l\u2019occurrence la province de Sidi Ifni et la zone de Rkounte, l\u2019ANDA ouvre 490 ha qui seront destin\u00e9s aux projets de conchyliculture et pisciculture, et qui ont fait l\u2019objet d\u2019un appel \u00e0 manifestation d\u2019int\u00e9r\u00eat (AMI), qui a pour objectif de mettre \u00e0 la disposition des investisseurs des espaces aquacoles cl\u00e9s en main et de les inviter \u00e0 d\u00e9velopper des projets viables dans cette r\u00e9gion connue par son potentiel aquacole confirm\u00e9 et ses conditions propices \u00e0 l\u2019investissement.<\/p>\n<p>En effet, jusqu\u2019\u00e0 pr\u00e9sent, les \u00e9tudes r\u00e9alis\u00e9es par l\u2019ANDA se sont port\u00e9es sur la frange littorale relevant de la province de Sidi Ifni. Ainsi, plusieurs espaces zones ont \u00e9t\u00e9 ainsi identifi\u00e9s comme \u00e9tant potentiels \u00e0 accueillir et promouvoir un d\u00e9veloppement durable de l\u2019activit\u00e9 aquacole. Ainsi, les espaces identifi\u00e9s pour l\u2019exercice de l\u2019activit\u00e9 de l\u2019aquaculture dans cette zone sont d\u2019une superficie de 1320 ha, destin\u00e9s \u00e0 la conchyliculture et la pisciculture.<\/p>\n<p>D\u2019ailleurs, dans le cadre de sa strat\u00e9gie de d\u00e9veloppement et de promotion de l\u2019aquaculture marine au Maroc, l\u2019ANDA a d\u00e9j\u00e0 lanc\u00e9 en 2018 deux AMI pour le d\u00e9veloppement de projets d\u2019aquaculture dans la R\u00e9gion de Guelmim-Oued Noun. Le premier AMI adress\u00e9 aux investisseurs nationaux et internationaux int\u00e9ress\u00e9s par le d\u00e9veloppement de projets aquacoles offre 66 unit\u00e9s de production en mer r\u00e9parties comme suit : 43 unit\u00e9s de production de 15 ha chacune, pour la r\u00e9alisation de projets de conchyliculture (\u00e9levage de coquillages), \u00e0 Mirleft 23 unit\u00e9s de production, de 25 ha chacune, pour la r\u00e9alisation de projets de la pisciculture au nord de Sidi Ifni. Le deuxi\u00e8me AMI a \u00e9t\u00e9 destin\u00e9 aux jeunes entrepreneurs originaires de la r\u00e9gion et offre quatre (4) unit\u00e9s de production de 15 ha chacune pour la r\u00e9alisation de projets de conchyliculture et une (1) unit\u00e9 de production de 25 ha pour la r\u00e9alisation d\u2019un projet de la pisciculture.<\/p>\n<p>Ces deux AMI ont eu pour objectif de mettre \u00e0 la disposition des investisseurs et jeunes entrepreneurs de la r\u00e9gion des espaces aquacoles cl\u00e9s en main et de les inviter \u00e0 d\u00e9velopper des projets viables dans cette r\u00e9gion connue par ses richesses naturelles et ses conditions propices \u00e0 l\u2019investissement.<\/p>\n<p>Pour rappel, l\u2019ANDA dotera la ville de Sidi Ifni d\u2019une station de d\u00e9monstration\/formation pour la production de poissons et la conchyliculture \u00e0 travers un partenariat public-priv\u00e9. Cette station servira de base pratique pour la formation de formateurs, ouvriers sp\u00e9cialis\u00e9s et ouvriers qualifi\u00e9s dans tous les m\u00e9tiers de l\u2019aquaculture et sera conjugu\u00e9e \u00e0 des formations th\u00e9oriques dans le Centre de qualification professionnelle maritime (CQPM) de Sidi Ifni.<br \/>Celle-ci a \u00e9galement lanc\u00e9 un projet phare d\u2019exploration des sites opportun \u00e0 l\u2019exercice de l\u2019activit\u00e9 aquacole \u00e0 terre dans la bande littorale entre Sidi Ifni et A\u00efn Baida.<\/p>\n<p>Auteur: Mohamed Laabid<br \/>\n<a href=\"https:\/\/aujourdhui.ma\/economie\/aquaculture-landa-propose-490-ha-aux-investisseurs-dans-la-region-de-guelmim\">Cliquez ici pour lire l&rsquo;article depuis sa source.<\/a><\/p>\n","protected":false},"excerpt":{"rendered":"<p>490 ha repartis en 24 parcelles sont ouverts \u00e0 l\u2019investissement dans la r\u00e9gion de Guelmim-Oued Noun par l\u2019Agence nationale de l\u2019aquaculture (ANDA).Dans l\u2019objectif de permettre aux nouveaux porteurs de projets d\u2019investir dans le secteur de l\u2019aquaculture au niveau de la r\u00e9gion Guelmim-Oued Noun en l\u2019occurrence la province de Sidi Ifni et la zone de Rkounte, [&hellip;]<\/p>\n","protected":false},"author":1759,"featured_media":0,"comment_status":"closed","ping_status":"closed","sticky":false,"template":"","format":"standard","meta":{"fifu_image_url":"http:\/\/aujourdhui.ma\/wp-content\/uploads\/2019\/08\/Aquaculture.jpg","fifu_image_alt":"Aquaculture : L\u2019ANDA propose 490 ha aux investisseurs dans la r\u00e9gion de Guelmim","footnotes":""},"categories":[73,54],"tags":[],"class_list":["post-115808","post","type-post","status-publish","format-standard","hentry","category-actualite","category-maroc"],"_links":{"self":[{"href":"https:\/\/linitiative.ca\/International\/wp-json\/wp\/v2\/posts\/115808","targetHints":{"allow":["GET"]}}],"collection":[{"href":"https:\/\/linitiative.ca\/International\/wp-json\/wp\/v2\/posts"}],"about":[{"href":"https:\/\/linitiative.ca\/International\/wp-json\/wp\/v2\/types\/post"}],"author":[{"embeddable":true,"href":"https:\/\/linitiative.ca\/International\/wp-json\/wp\/v2\/users\/1759"}],"replies":[{"embeddable":true,"href":"https:\/\/linitiative.ca\/International\/wp-json\/wp\/v2\/comments?post=115808"}],"version-history":[{"count":0,"href":"https:\/\/linitiative.ca\/International\/wp-json\/wp\/v2\/posts\/115808\/revisions"}],"wp:attachment":[{"href":"https:\/\/linitiative.ca\/International\/wp-json\/wp\/v2\/media?parent=115808"}],"wp:term":[{"taxonomy":"category","embeddable":true,"href":"https:\/\/linitiative.ca\/International\/wp-json\/wp\/v2\/categories?post=115808"},{"taxonomy":"post_tag","embeddable":true,"href":"https:\/\/linitiative.ca\/International\/wp-json\/wp\/v2\/tags?post=115808"}],"curies":[{"name":"wp","href":"https:\/\/api.w.org\/{rel}","templated":true}]}}