{"id":115809,"date":"2021-04-29T11:30:11","date_gmt":"2021-04-29T15:30:11","guid":{"rendered":"https:\/\/linitiative.ca\/International\/al-hoceima-un-pere-incestueux-ecope-de-20-ans-de-reclusion-criminelle\/"},"modified":"2021-04-29T11:30:11","modified_gmt":"2021-04-29T15:30:11","slug":"al-hoceima-un-pere-incestueux-ecope-de-20-ans-de-reclusion-criminelle","status":"publish","type":"post","link":"https:\/\/linitiative.ca\/International\/al-hoceima-un-pere-incestueux-ecope-de-20-ans-de-reclusion-criminelle\/","title":{"rendered":"Al Hoce\u00efma : Un p\u00e8re incestueux \u00e9cope  de 20 ans de r\u00e9clusion criminelle"},"content":{"rendered":"<header>\n<\/header>\n<div class=\"entry-content clearfix\" readability=\"60\">\n<figure class=\"post-thumbnail\" itemprop=\"associatedMedia\" itemscope=\"itemscope\" itemtype=\"http:\/\/schema.org\/ImageObject\"><img decoding=\"async\" class=\"post_layout_5_img\" src=\"http:\/\/aujourdhui.ma\/wp-content\/uploads\/2017\/09\/arrestation-crime-malfrat.jpg\" alt=\"Al Hoce\u00efma : Un p\u00e8re incestueux \u00e9cope de 20 ans de r\u00e9clusion criminelle\"\/><\/figure>\n<p><span class=\"c7\"><strong>Apr\u00e8s l\u2019examen de son affaire par la chambre criminelle pr\u00e8s la Cour d\u2019appel d\u2019Al Hoce\u00efma, un p\u00e8re incestueux a b\u00e9n\u00e9fici\u00e9, derni\u00e8rement, d\u2019une r\u00e9duction de peine de cinq ans pour qu\u2019il soit condamn\u00e9 \u00e0 vingt ans de r\u00e9clusion criminelle.<\/strong><\/span> <span id=\"more-375213\"\/><\/p>\n<p>Alors qu\u2019il avait \u00e9cop\u00e9 au mois de f\u00e9vrier 2021 de vingt-cinq ans lors de la phase de la premi\u00e8re instance. Un nouveau jugement qui a mis en col\u00e8re la m\u00e8re de la victime. En effet, l\u2019affaire a \u00e9clat\u00e9 \u00e0 Imzouren, situ\u00e9e \u00e0 dix-huit kilom\u00e8tres au sud d\u2019Al Hoce\u00efma, au mois d\u2019ao\u00fbt de l\u2019ann\u00e9e derni\u00e8re quand cette m\u00e8re de famille a conduit sa fille, encore mineure, au commissariat de police pour porter plainte contre son p\u00e8re qui abusait d\u2019elle depuis plusieurs ann\u00e9es. Selon les d\u00e9clarations de la victime, son p\u00e8re, un ressortissant marocain en Espagne, l\u2019a conduite, la premi\u00e8re fois, alors qu\u2019elle n\u2019\u00e9tait qu\u2019\u00e0 son huiti\u00e8me printemps, vers son domicile secondaire pour la convaincre de se d\u00e9v\u00eatir et lui c\u00e9der. Depuis, il abusait, \u00e0 chaque fois, d\u2019elle. Sa m\u00e8re a affirm\u00e9 aux enqu\u00eateurs qu\u2019elle les a surpris une fois en pleine action tout en ajoutant qu\u2019il l\u2019a suppli\u00e9e de ne rien r\u00e9v\u00e9ler ni \u00e0 ses enfants ni \u00e0 la police et qu\u2019il n\u2019abusera plus de la mineure. Mais, il a repris ses actes incestueux contre sa fille pour qu\u2019une plainte soit port\u00e9e contre lui. Bien qu\u2019il ait avou\u00e9 son crime d\u2019inceste devant les enqu\u00eateurs de la police judiciaire et devant le parquet g\u00e9n\u00e9ral, il s\u2019est disculp\u00e9 devant le juge d\u2019instruction et devant la Cour que ce soit \u00e0 la phase de la premi\u00e8re instance, ou en appel. Mais \u00e0 la fin, il a \u00e9t\u00e9 jug\u00e9 coupable.<\/p>\n<\/div>\n<p>Auteur: Abderrafii ALOUMLIKI<br \/>\n<a href=\"https:\/\/aujourdhui.ma\/faits-divers\/al-hoceima-un-pere-incestueux-ecope-de-20-ans-de-reclusion-criminelle\">Cliquez ici pour lire l&rsquo;article depuis sa source.<\/a><\/p>\n","protected":false},"excerpt":{"rendered":"<p>Apr\u00e8s l\u2019examen de son affaire par la chambre criminelle pr\u00e8s la Cour d\u2019appel d\u2019Al Hoce\u00efma, un p\u00e8re incestueux a b\u00e9n\u00e9fici\u00e9, derni\u00e8rement, d\u2019une r\u00e9duction de peine de cinq ans pour qu\u2019il soit condamn\u00e9 \u00e0 vingt ans de r\u00e9clusion criminelle. Alors qu\u2019il avait \u00e9cop\u00e9 au mois de f\u00e9vrier 2021 de vingt-cinq ans lors de la phase de [&hellip;]<\/p>\n","protected":false},"author":1759,"featured_media":0,"comment_status":"closed","ping_status":"closed","sticky":false,"template":"","format":"standard","meta":{"fifu_image_url":"http:\/\/aujourdhui.ma\/wp-content\/uploads\/2017\/09\/arrestation-crime-malfrat.jpg","fifu_image_alt":"Al Hoce\u00efma : Un p\u00e8re incestueux \u00e9cope  de 20 ans de r\u00e9clusion criminelle","footnotes":""},"categories":[73,54],"tags":[],"class_list":["post-115809","post","type-post","status-publish","format-standard","hentry","category-actualite","category-maroc"],"_links":{"self":[{"href":"https:\/\/linitiative.ca\/International\/wp-json\/wp\/v2\/posts\/115809","targetHints":{"allow":["GET"]}}],"collection":[{"href":"https:\/\/linitiative.ca\/International\/wp-json\/wp\/v2\/posts"}],"about":[{"href":"https:\/\/linitiative.ca\/International\/wp-json\/wp\/v2\/types\/post"}],"author":[{"embeddable":true,"href":"https:\/\/linitiative.ca\/International\/wp-json\/wp\/v2\/users\/1759"}],"replies":[{"embeddable":true,"href":"https:\/\/linitiative.ca\/International\/wp-json\/wp\/v2\/comments?post=115809"}],"version-history":[{"count":0,"href":"https:\/\/linitiative.ca\/International\/wp-json\/wp\/v2\/posts\/115809\/revisions"}],"wp:attachment":[{"href":"https:\/\/linitiative.ca\/International\/wp-json\/wp\/v2\/media?parent=115809"}],"wp:term":[{"taxonomy":"category","embeddable":true,"href":"https:\/\/linitiative.ca\/International\/wp-json\/wp\/v2\/categories?post=115809"},{"taxonomy":"post_tag","embeddable":true,"href":"https:\/\/linitiative.ca\/International\/wp-json\/wp\/v2\/tags?post=115809"}],"curies":[{"name":"wp","href":"https:\/\/api.w.org\/{rel}","templated":true}]}}