{"id":115810,"date":"2021-04-28T14:00:56","date_gmt":"2021-04-28T18:00:56","guid":{"rendered":"https:\/\/linitiative.ca\/International\/%ef%bb%bfdes-representants-dagences-onusiennes-qualifient-dexemplaire-la-riposte-du-maroc\/"},"modified":"2021-04-28T14:00:56","modified_gmt":"2021-04-28T18:00:56","slug":"%ef%bb%bfdes-representants-dagences-onusiennes-qualifient-dexemplaire-la-riposte-du-maroc","status":"publish","type":"post","link":"https:\/\/linitiative.ca\/International\/%ef%bb%bfdes-representants-dagences-onusiennes-qualifient-dexemplaire-la-riposte-du-maroc\/","title":{"rendered":"\ufeffDes repr\u00e9sentants d\u2019agences onusiennes qualifient d\u2019exemplaire la riposte du Maroc"},"content":{"rendered":"<p class=\"has-text-color has-vivid-cyan-blue-color c1\"><strong>\u00a0Lutte contre la pand\u00e9mie<\/strong><\/p>\n<p><strong>Des repr\u00e9sentants d\u2019agences onusiennes \u00e9tablies au Maroc ont qualifi\u00e9 d&rsquo;\u00a0\u00bbexemplaire\u00a0\u00bb la riposte du Royaume \u00e0 la pand\u00e9mie de la Covid-19.<br \/>De part sa gestion efficace de la crise sanitaire et de ses effets socio\u00e9conomiques, le Maroc constitue un mod\u00e8le dans le monde, ont-ils affirm\u00e9, mettant en avant les mesures sanitaires, sociales et \u00e9conomiques prises par les autorit\u00e9s publiques pour lutter contre la propagation du coronavirus et att\u00e9nuer les impacts socio\u00e9conomiques des mesures restrictives.<\/strong><\/p>\n<p>Ainsi, la repr\u00e9sentante de l\u2019Organisation mondiale de la Sant\u00e9 (OMS) au Maroc, Maryam Bigdeli, a relev\u00e9 que le Royaume constitue \u00ab\u00a0un exemple dans le monde\u00a0\u00bb en mati\u00e8re de riposte \u00e0 la pand\u00e9mie, gr\u00e2ce aux mesures mises en place pour apporter une r\u00e9ponse socio\u00e9conomique, conform\u00e9ment aux Hautes Orientations de Sa Majest\u00e9 le Roi Mohammed VI.<\/p>\n<p>La riposte du Maroc \u00e0 la crise pand\u00e9mique du Covid-19 a \u00e9t\u00e9 efficace, vigoureuse et puissante depuis le premier jour de la pand\u00e9mie, a soulign\u00e9 Maryam Bigdeli, dans une d\u00e9claration \u00e0 la cha\u00eene d\u2019information en continu M24, notant que le Maroc s\u2019est saisi de la crise sanitaire comme opportunit\u00e9 pour renforcer son syst\u00e8me de sant\u00e9, en multipliant les lits de r\u00e9animation et en formant le personnel hospitalier.<\/p>\n<p>\u00ab\u00a0Nous saluons aussi le fait que le sens du partage du Maroc qui a veill\u00e9 \u00e0 aider d\u2019autres pays africains \u00e0 s\u2019approvisionner en \u00e9quipements et mat\u00e9riels\u00a0\u00bb, a-t-elle ajout\u00e9, mettant l\u2019accent sur la campagne de vaccination nationale, qu\u2019elle a jug\u00e9 \u00ab\u00a0exemplaire\u00a0\u00bb, gr\u00e2ce \u00e0 une approche anticipative, une mobilisation in\u00e9dite du personnel et de la logistique et une communication efficace.<\/p>\n<p>De son c\u00f4t\u00e9, la Coordonnatrice R\u00e9sidente du Syst\u00e8me des Nations Unies pour le d\u00e9veloppement au Maroc, Sylvia Lopez-Ekra , a salu\u00e9 le Maroc pour sa gestion remarquable et exemplaire de la crise sanitaire, \u00ab\u00a0et qui a \u00e9t\u00e9 salu\u00e9e au niveau international\u00a0\u00bb, soulignant la mobilisation du secteur industriel qui a permis de produire des masques, des \u00e9quipements de protection et des gels hydroalcooliques en quantit\u00e9s suffisantes.<\/p>\n<p>La capacit\u00e9 des lits de r\u00e9animation a \u00e9t\u00e9 multipli\u00e9e par 83% en en temps r\u00e9duit, a-t-elle fait remarquer, mettant en exergue l\u2019approche anticipative du Maroc en mati\u00e8re de vaccination contre la Covid-19.<\/p>\n<p>\u00ab\u00a0La capacit\u00e9 du Maroc \u00e0 se procurer les quantit\u00e9s n\u00e9cessaires de vaccin et \u00e0 mener une campagne qui le place dans le top 10 mondial en mati\u00e8re de vaccination et en 1er sur le plan africain sont aussi des expressions tr\u00e8s claires de la capacit\u00e9 de gestion du pays\u00a0\u00bb, a-t-elle argu\u00e9, indiquant que face \u00e0 une \u00ab\u00a0gestion aussi exceptionnelle\u00a0\u00bb, le syst\u00e8me des nations unies a \u00e9t\u00e9 en soutien et en accompagnement de nos partenaires institutionnels en r\u00e9ponse aux priorit\u00e9s nationales comme elles ont \u00e9t\u00e9 identifi\u00e9es par le gouvernement du Maroc, sur de multiples secteurs, sanitaire, social et \u00e9conomique.<\/p>\n<p>Le Maroc a mis l\u2019humain au centre de la r\u00e9ponse \u00e0 la crise sanitaire, s\u2019est f\u00e9licit\u00e9 pour sa part le repr\u00e9sentant du Fonds des Nations Unies pour la Population (UNFPA), Luis Mora, jugeant \u00ab\u00a0tr\u00e8s positive\u00a0\u00bb la gestion de la crise sanitaire par les autorit\u00e9s marocaines.<\/p>\n<p>Dans une d\u00e9claration similaire, Luis Mora a expliqu\u00e9 que le Royaume a mis en place des m\u00e9canismes efficaces pour la protection des cat\u00e9gories affect\u00e9es par les mesures de lutte contre la pand\u00e9mie, citant notamment la cr\u00e9ation du Fonds Mohammed VI pour l\u2019investissement qui a \u00e9t\u00e9 une initiative \u00ab\u00a0novatrice au niveau r\u00e9gional\u00a0\u00bb.<\/p>\n<p>\u00ab\u00a0En mettant l\u2019humain au centre de la r\u00e9ponse sanitaire et socio\u00e9conomique, le Royaume est un mod\u00e8le de part sa volont\u00e9 d\u2019appuyer la population, en particulier celle en situation de vuln\u00e9rabilit\u00e9 dans une conjoncture in\u00e9dite\u00a0\u00bb, a soulign\u00e9 M. Luis Mora.<\/p>\n<p>Abordant dans la m\u00eame veine, la cheffe de mission de l\u2019organisation internationale pour les migrations (OIM) au Maroc, Ana Fonseca, a salu\u00e9 l\u2019approche inclusive du Royaume du Maroc, qui a englob\u00e9 les migrants et les ressortissants \u00e9trangers dans toutes ses d\u00e9marches sanitaires et humanitaires.<\/p>\n<p>L\u2019OIM va joindre les efforts des autres agences onusiennes et s\u2019aligner \u00e0 la campagne de vaccination port\u00e9e par le Maroc et soutenir tous ses efforts, a affirm\u00e9 Mme Ana Fonesca, estimant qu\u2019il \u00ab\u00a0est extr\u00eamement important de poursuivre cette approche inclusive pour inclure les migrants qui ont \u00e9galement besoin de vaccin comme tous les autres citoyens\u00a0\u00bb.<\/p>\n<p>La repr\u00e9sentante du Fonds des Nations Unis pour l\u2019enfance (UNICEF), Giovanna Barberis, a de son c\u00f4t\u00e9 soulign\u00e9 que le Maroc a r\u00e9agi tr\u00e8s rapidement et a apport\u00e9 une r\u00e9ponse efficace aux d\u00e9fis li\u00e9s \u00e0 la crise du Covid-19 et \u00e0 ses cons\u00e9quences socio\u00e9conomiques, relevant que \u00ab\u00a0le Royaume a \u00e9t\u00e9 reconnu au niveau mondial pour sa gestion de la crise\u00a0\u00bb.<\/p>\n<p>Le Maroc a aussi anticip\u00e9 une crise socio\u00e9conomique, en mettant en place des mesures sociales au profit des populations les plus vuln\u00e9rables, a-t-elle soulign\u00e9, faisant savoir que l\u2019apport du syst\u00e8me des nations unies a \u00e9t\u00e9 li\u00e9 \u00e0 certaines niches sp\u00e9cifiques, portant notamment dans les secteurs de la sant\u00e9, de l\u2019\u00e9ducation et de la protection des cat\u00e9gories les plus pr\u00e9caires.<\/p>\n<p>Auteur: M&rsquo;hammed rahal<br \/>\n<a href=\"http:\/\/albayane.press.ma\/%EF%BB%BFdes-representants-dagences-onusiennes-qualifient-dexemplaire-la-riposte-du-maroc.html\">Cliquez ici pour lire l&rsquo;article depuis sa source.<\/a><\/p>\n","protected":false},"excerpt":{"rendered":"<p>\u00a0Lutte contre la pand\u00e9mie Des repr\u00e9sentants d\u2019agences onusiennes \u00e9tablies au Maroc ont qualifi\u00e9 d&rsquo;\u00a0\u00bbexemplaire\u00a0\u00bb la riposte du Royaume \u00e0 la pand\u00e9mie de la Covid-19.De part sa gestion efficace de la crise sanitaire et de ses effets socio\u00e9conomiques, le Maroc constitue un mod\u00e8le dans le monde, ont-ils affirm\u00e9, mettant en avant les mesures sanitaires, sociales et [&hellip;]<\/p>\n","protected":false},"author":1760,"featured_media":0,"comment_status":"closed","ping_status":"closed","sticky":false,"template":"","format":"standard","meta":{"fifu_image_url":"","fifu_image_alt":"","footnotes":""},"categories":[73,54],"tags":[],"class_list":["post-115810","post","type-post","status-publish","format-standard","hentry","category-actualite","category-maroc"],"_links":{"self":[{"href":"https:\/\/linitiative.ca\/International\/wp-json\/wp\/v2\/posts\/115810","targetHints":{"allow":["GET"]}}],"collection":[{"href":"https:\/\/linitiative.ca\/International\/wp-json\/wp\/v2\/posts"}],"about":[{"href":"https:\/\/linitiative.ca\/International\/wp-json\/wp\/v2\/types\/post"}],"author":[{"embeddable":true,"href":"https:\/\/linitiative.ca\/International\/wp-json\/wp\/v2\/users\/1760"}],"replies":[{"embeddable":true,"href":"https:\/\/linitiative.ca\/International\/wp-json\/wp\/v2\/comments?post=115810"}],"version-history":[{"count":0,"href":"https:\/\/linitiative.ca\/International\/wp-json\/wp\/v2\/posts\/115810\/revisions"}],"wp:attachment":[{"href":"https:\/\/linitiative.ca\/International\/wp-json\/wp\/v2\/media?parent=115810"}],"wp:term":[{"taxonomy":"category","embeddable":true,"href":"https:\/\/linitiative.ca\/International\/wp-json\/wp\/v2\/categories?post=115810"},{"taxonomy":"post_tag","embeddable":true,"href":"https:\/\/linitiative.ca\/International\/wp-json\/wp\/v2\/tags?post=115810"}],"curies":[{"name":"wp","href":"https:\/\/api.w.org\/{rel}","templated":true}]}}