{"id":115813,"date":"2021-04-28T14:00:57","date_gmt":"2021-04-28T18:00:57","guid":{"rendered":"https:\/\/linitiative.ca\/International\/%ef%bb%bfsahara-marocain-le-pps-appelle-a-faire-preuve-de-vigilance-diplomatique-et-de-renforcer-le-front-interieur\/"},"modified":"2021-04-28T14:00:57","modified_gmt":"2021-04-28T18:00:57","slug":"%ef%bb%bfsahara-marocain-le-pps-appelle-a-faire-preuve-de-vigilance-diplomatique-et-de-renforcer-le-front-interieur","status":"publish","type":"post","link":"https:\/\/linitiative.ca\/International\/%ef%bb%bfsahara-marocain-le-pps-appelle-a-faire-preuve-de-vigilance-diplomatique-et-de-renforcer-le-front-interieur\/","title":{"rendered":"\ufeffSahara marocain : le PPS appelle \u00e0 faire preuve de vigilance diplomatique et de renforcer le front int\u00e9rieur"},"content":{"rendered":"<p class=\"has-text-color has-vivid-red-color c1\"><strong>Communiqu\u00e9 du bureau politique<\/strong><\/p>\n<p class=\"has-text-color has-vivid-cyan-blue-color\"><strong>Le bureau politique du Parti du Progr\u00e8s et du Socialisme a tenu Mardi 27 avril 2021, sa r\u00e9union hebdomadaire \u00e0 distance et examin\u00e9 de nombreuses questions politiques ainsi quela vie interne du parti.<\/strong><\/p>\n<p>Le bureau politique du Parti du Progr\u00e8s et du Socialisme a tenu Mardi 27 avril 2021, sa r\u00e9union hebdomadaire \u00e0 distance et examin\u00e9 de nombreuses questions politiques ainsi que la vie interne du parti.<\/p>\n<p>Au d\u00e9but de ses travaux, le bureau politique a examin\u00e9 les d\u00e9veloppements de la question du Sahara marocain, en particulier sur le plan diplomatique au niveau des tractations au sein de la communaut\u00e9 internationale et les positionnements instables de certains pays \u00e0 ce sujet.<\/p>\n<p>A ce propos, le bureau politique consid\u00e8re que notre diplomatie nationale doit continuer \u00e0 faire preuve de vigilance, de dynamisme, d\u2019efficacit\u00e9 et de fermet\u00e9 pour la pr\u00e9servation des grands acquis r\u00e9alis\u00e9s par notre pays au cours de la derni\u00e8re p\u00e9riode.<\/p>\n<p>Dans ce cadre, le bureau politique a r\u00e9it\u00e9r\u00e9 sa condamnation de l\u2019accueil par l\u2019Espagne voisine du soit-disant chef du pr\u00e9tendu front \u00ab polisario \u00bb sur son sol, de mani\u00e8re clandestine et sous une fausse identit\u00e9, tout en lui assurant la protection contre toute poursuite judiciaire pour les crimes de guerre dangereux et les violations graves des droits de l\u2019homme pour lesquels il est accus\u00e9.\u00a0<\/p>\n<p>Tout en soulignant sa forte adh\u00e9sion au combat pour la consolidation de l\u2019int\u00e9grit\u00e9 territoriale de notre pays, le bureau politique exprime sa conviction que la solution d\u00e9finitive du diff\u00e9rend artificiel autour de notre Sahara marocain est principalement tributaire de la consolidation du front int\u00e9rieur sur tous les plans politique, \u00e9conomique et social.<\/p>\n<p>Dans ce cadre, le bureau politique renouvelle son appel au lancement d\u2019une nouvelle dynamique et d\u2019un mouvement de r\u00e9formes, dans la perspective de l\u2019\u00e9mergence d\u2019institutions \u00e9lues fortes et efficientes et d\u2019un gouvernement politique homog\u00e8ne et capable de mener les r\u00e9formes indispensables dont notre pays a besoin et de faire face aux d\u00e9fis internes et externes auxquels notre pays est confront\u00e9. Il s\u2019agit de consolider le processus d\u00e9mocratique, de r\u00e9aliser le d\u00e9collage \u00e9conomique v\u00e9ritable et de promouvoir les conditions de la justice sociale et spatiale.<\/p>\n<p>Alors que notre pays s\u2019appr\u00eate \u00e0 organiser les \u00e9ch\u00e9ances \u00e9lectorales, le Parti du Progr\u00e8s et du Socialisme attire encore une fois l\u2019attention sur la n\u00e9cessit\u00e9 de faire de l\u2019\u00e9tape actuelle une opportunit\u00e9 pour un apaisement plus large au niveau politique et des droits humains. Il estime \u00e9galement que cette \u00e9tape doit constituer l\u2019occasion pour un d\u00e9bat public serein et responsable, que doivent accueillir les m\u00e9dias publics et priv\u00e9s. Ce d\u00e9bat doit porter sur l\u2019\u00e9valuation et l\u2019examen du bilan du gouvernement et des autres institutions \u00e9lues ainsi que des offres politiques, des alternatives et des solutions propos\u00e9es par les partis politiques pour le traitement de la situation difficile que traverse notre pays.<\/p>\n<p>Le bureau politique souligne que ces pr\u00e9alables constituent le meilleur moyen pour l\u2019augmentation du taux de participation, le r\u00e9tablissement de la confiance et de la cr\u00e9dibilit\u00e9 et la r\u00e9conciliation des citoyennes et des citoyens avec la chose publique.<\/p>\n<p>Sur un autre plan, le bureau politique exprime sa vigoureuse condamnation des agressions commises par les forces d\u2019occupation isra\u00e9lienne contre les habitants d\u2019Al Qods, r\u00e9sistants et d\u00e9sarm\u00e9s \u00e0 Bab Al Amoud et dans diff\u00e9rentes zones \u00e0 Al Qods occup\u00e9e. Il exprime sa condamnation de toutes les agressions isra\u00e9liennes et les violations dont fait l\u2019objet le peuple palestinien. Il consid\u00e8re que ce sont l\u00e0 des attaques pr\u00e9m\u00e9dit\u00e9es racistes, men\u00e9es par les l\u00e2ches forces d\u2019occupation dans le cadre de la politique de nettoyage ethnique et culturel et de n\u00e9gation du patrimoine, de l\u2019histoire et de l\u2019identit\u00e9 de la ville sainte d\u2019Al Qods.<\/p>\n<p>Sur cette base, le Parti du Progr\u00e8s et du Socialisme r\u00e9affirme sa forte condamnation de l\u2019occupation sioniste des territoires palestiniens et arabes et r\u00e9it\u00e8re sa solidarit\u00e9 absolue avec le peuple palestinien militant dans sa lutte pour le recouvrement de l\u2019ensemble de ses droits inali\u00e9nables et l\u00e9gitimes, sa libert\u00e9 et sa dignit\u00e9 ainsi que pour l\u2019\u00e9tablissement de son Etat ind\u00e9pendant avec Al Qods Ach-charif comme capitale.<\/p>\n<p>Au niveau de la vie interne du parti, le bureau politique a adress\u00e9, apr\u00e8s avoir pass\u00e9 en revue les diff\u00e9rentes activit\u00e9s partisanes r\u00e9alis\u00e9es, ses\u00a0 salutations aux militantes et aux militants dans les sections, les organisations et les secteurs, pour la dynamique remarquable et la contribution s\u00e9rieuse et responsable \u00e0 l\u2019animation et \u00e0 la dynamisation de la vie partisane et publique, \u00e0 travers notamment les activit\u00e9s ramadanesques intenses et r\u00e9ussies. Il a invit\u00e9 par la m\u00eame occasion les autres structures partisanes \u00e0 rejoindre cet \u00e9lan et cette dynamique.<\/p>\n<p>Auteur: M&rsquo;hammed rahal<br \/>\n<a href=\"http:\/\/albayane.press.ma\/%EF%BB%BFsahara-marocain-le-pps-appelle-a-faire-preuve-de-vigilance-diplomatique-et-de-renforcer-le-front-interieur.html\">Cliquez ici pour lire l&rsquo;article depuis sa source.<\/a><\/p>\n","protected":false},"excerpt":{"rendered":"<p>Communiqu\u00e9 du bureau politique Le bureau politique du Parti du Progr\u00e8s et du Socialisme a tenu Mardi 27 avril 2021, sa r\u00e9union hebdomadaire \u00e0 distance et examin\u00e9 de nombreuses questions politiques ainsi quela vie interne du parti. Le bureau politique du Parti du Progr\u00e8s et du Socialisme a tenu Mardi 27 avril 2021, sa r\u00e9union [&hellip;]<\/p>\n","protected":false},"author":1760,"featured_media":0,"comment_status":"closed","ping_status":"closed","sticky":false,"template":"","format":"standard","meta":{"fifu_image_url":"","fifu_image_alt":"","footnotes":""},"categories":[73,54],"tags":[],"class_list":["post-115813","post","type-post","status-publish","format-standard","hentry","category-actualite","category-maroc"],"_links":{"self":[{"href":"https:\/\/linitiative.ca\/International\/wp-json\/wp\/v2\/posts\/115813","targetHints":{"allow":["GET"]}}],"collection":[{"href":"https:\/\/linitiative.ca\/International\/wp-json\/wp\/v2\/posts"}],"about":[{"href":"https:\/\/linitiative.ca\/International\/wp-json\/wp\/v2\/types\/post"}],"author":[{"embeddable":true,"href":"https:\/\/linitiative.ca\/International\/wp-json\/wp\/v2\/users\/1760"}],"replies":[{"embeddable":true,"href":"https:\/\/linitiative.ca\/International\/wp-json\/wp\/v2\/comments?post=115813"}],"version-history":[{"count":0,"href":"https:\/\/linitiative.ca\/International\/wp-json\/wp\/v2\/posts\/115813\/revisions"}],"wp:attachment":[{"href":"https:\/\/linitiative.ca\/International\/wp-json\/wp\/v2\/media?parent=115813"}],"wp:term":[{"taxonomy":"category","embeddable":true,"href":"https:\/\/linitiative.ca\/International\/wp-json\/wp\/v2\/categories?post=115813"},{"taxonomy":"post_tag","embeddable":true,"href":"https:\/\/linitiative.ca\/International\/wp-json\/wp\/v2\/tags?post=115813"}],"curies":[{"name":"wp","href":"https:\/\/api.w.org\/{rel}","templated":true}]}}