{"id":115815,"date":"2021-04-29T08:48:15","date_gmt":"2021-04-29T12:48:15","guid":{"rendered":"https:\/\/linitiative.ca\/International\/virus-devastateurs-et-surrealisme-judiciaire\/"},"modified":"2021-04-29T08:48:15","modified_gmt":"2021-04-29T12:48:15","slug":"virus-devastateurs-et-surrealisme-judiciaire","status":"publish","type":"post","link":"https:\/\/linitiative.ca\/International\/virus-devastateurs-et-surrealisme-judiciaire\/","title":{"rendered":"Virus d\u00e9vastateurs et surr\u00e9alisme judiciaire"},"content":{"rendered":"<div class=\"td-post-content\">\n<h2>Le coronavirus a boulevers\u00e9 la vie sur la plan\u00e8te. Sa virulence est telle que les humains que nous sommes, en particulier la majorit\u00e9 de la population mondiale qui vit dans les pays pauvres et sous-d\u00e9velopp\u00e9s, ne sait plus \u00e0 quel saint se vouer. Notre drame en Tunisie est que ce virus vient s\u2019ajouter \u00e0 d\u2019autres qui font des ravages depuis dix ans, rendant notre vie infernale.<\/h2>\n<p>Le virus de la corruption qui pourrit la vie politique, le virus du corporatisme qui mine la vie \u00e9conomique. Ou encore le virus des \u00e9gos qui \u00e9touffe l\u2019Etat et le r\u00e9duit \u00e0 une structure ossifi\u00e9e.<\/p>\n<p>Mais le virus le plus d\u00e9vastateur semble \u00eatre le virus qui s\u2019attaque au symbole m\u00eame de la justice, la balance. Sa virulence est telle que cette balance a du mal \u00e0 se maintenir en \u00e9quilibre. Sa l\u00e9talit\u00e9 est telle que la structure judiciaire a du mal \u00e0 assurer son ind\u00e9pendance, sa rationalit\u00e9 et sa probit\u00e9.<\/p>\n<p>Nous ne sommes plus \u00e9tonn\u00e9s de l\u2019incapacit\u00e9 de la justice \u00e0 se pencher sur les dossiers des assassinats politiques qui moisissent depuis des ann\u00e9es dans ses tiroirs. Nous ne sommes plus surpris de la nonchalance avec laquelle notre justice traite les incalculables affaires de corruption. Et nous ne sommes plus stup\u00e9faits de l\u2019inaction de la justice face aux bandits destructeurs des piliers de notre \u00e9conomie et qui continuent de bomber le torse dans le bassin minier et les gisements p\u00e9troliers. De m\u00eame, nous ne sommes plus ahuris de l\u2019indiff\u00e9rence de la justice face aux casseroles assourdissantes que trainent derri\u00e8re eux de nombreux d\u00e9put\u00e9s.<\/p>\n<p>Dix ans de d\u00e9sordre, d\u2019anarchie et d\u2019incurie \u00e0 tous les niveaux ont fini par faire de nous des citoyens lass\u00e9s, d\u00e9sabus\u00e9s et blas\u00e9s.<\/p>\n<h2>Une affaire absurde<\/h2>\n<p>Mais la justice a cette capacit\u00e9 de sortir de leurs gonds les citoyens les plus lass\u00e9s, les plus d\u00e9sabus\u00e9set les plus blas\u00e9s.<\/p>\n<p>En effet, comment garder son calme, son d\u00e9tachement et son flegme quand on se trouve face \u00e0 des affaires aussi absurdes que celle qui oppose la Haica, une structure constitutionnelle, \u00e0 un m\u00e9dia ill\u00e9gal ?<\/p>\n<p>Cette affaire nous d\u00e9tourne du domaine de la justice et nous plonge dans le surr\u00e9alisme. La Haica est une structure constitutionnelle dont le r\u00f4le est de prot\u00e9ger le paysage m\u00e9diatique des parasites qui l\u2019infectent. La radio cr\u00e9\u00e9e par l\u2019ancien imam et l\u2019actuel d\u00e9put\u00e9 Said Jaziri est le prototype de ces parasites contre lesquels la Haica est constitutionnellement oblig\u00e9e de s\u00e9vir.<\/p>\n<p>Personnage trouble et ancien imam \u00e0 Montr\u00e9al, Said Jaziri fut expuls\u00e9 du Canada en 2007. Selon le Los Angeles Times, le m\u00eame personnage fut arr\u00eat\u00e9 en 2011 pr\u00e8s de San Diego en Californie \u00ab pour avoir franchi ill\u00e9galement la fronti\u00e8re, cach\u00e9 dans le coffre d\u2019une BMW \u00bb. Ce personnage se permet de cr\u00e9er une radio sans autorisation et dont l\u2019origine du mat\u00e9riel de diffusion est pour le moins suspecte. Non seulement il a utilis\u00e9 cette radio ill\u00e9gale dans sa campagne \u00e9lectorale, mais il continue de l\u2019exploiter apr\u00e8s son \u00e9lection au parlement.<\/p>\n<p>Les abus, les d\u00e9passements et les violations de la loi par ce m\u00e9dia parasitaire sont tels que l\u2019on est en droit de se demander pourquoi la Haica a-t-elle mis si longtemps pour la mettre hors d\u2019\u00e9tat de nuire ?<\/p>\n<p>Mais le jour o\u00f9 elle a finalement d\u00e9cid\u00e9 d\u2019appliquer la loi en confisquant le mat\u00e9riel de diffusion de cette radio ill\u00e9gale, la Haica se trouva dans la position d\u2019accus\u00e9e !!!<\/p>\n<p>Le d\u00e9put\u00e9-promoteur de la radio ill\u00e9gale porta sans rire une plainte pour \u00ab vol et tentative d\u2019assassinat \u00bb. Et la justice, sans rire aussi, accepta cette plainte et ordonna une enqu\u00eate sur la base des all\u00e9gations insens\u00e9es du propri\u00e9taire de la radio ill\u00e9gale.<\/p>\n<p>L\u2019image est surr\u00e9aliste. Voil\u00e0 le pr\u00e9sident de la Haica, un homme calme, honn\u00eate et int\u00e8gre qui est accus\u00e9 de \u00ab vol et tentative d\u2019assassinat \u00bb par le promoteur d\u2019une radio ill\u00e9gale au pass\u00e9 pour le moins trouble.<\/p>\n<h2>\u00ab Grave menace pour la s\u00e9curit\u00e9 nationale \u00bb<\/h2>\n<p>L\u2019acceptation d\u2019une telle plainte montre l\u2019\u00e9tat de d\u00e9voiement dans lequel patauge la justice.<\/p>\n<p>L\u2019acceptation de la plainte insens\u00e9e du propri\u00e9taire d\u2019une radio ill\u00e9gale contre une instance constitutionnelle ne peut que ruiner une confiance d\u00e9j\u00e0 bien chancelante en la justice.<\/p>\n<p>Que faire face \u00e0 l\u2019acceptation de la plainte d\u2019un violeur de la loi contre l\u2019instance charg\u00e9e de l\u2019appliquer ? Chercher la justice ailleurs. C\u2019est ce que pr\u00e9cis\u00e9ment la Haica semble d\u00e9termin\u00e9e \u00e0 faire.<\/p>\n<p>Un membre de la Haica, Hichem Snoussi, n\u2019a pas tort d\u2019expliquer que le probl\u00e8me devient \u00ab une menace grave pour la s\u00e9curit\u00e9 nationale \u00bb, annon\u00e7ant l\u2019intention de l\u2019instance constitutionnelle de porter l\u2019affaire devant la justice militaire.<\/p>\n<p>Comme dans l\u2019affaire du d\u00e9put\u00e9 Rached Khiari, terr\u00e9 dans sa cachette, les responsables de ce qu\u2019il faut bien appeler le d\u00e9sastre tunisien et leurs porte-voix ne manqueront s\u00fbrement pas de se d\u00e9chainer contre \u00ab les ennemis de la r\u00e9volution \u00bb, \u00ab les adversaires de la d\u00e9mocratie \u00bb, \u00ab les nostalgiques de la dictature \u00bb et \u00ab les fossoyeurs de la justice \u00bb.<\/p>\n<p>Mais tout le monde sait que les \u00ab ennemis de la r\u00e9volution \u00bb sont ceux qui l\u2019ont d\u00e9tourn\u00e9e de ses objectifs. \u00ab Les ennemis de la d\u00e9mocratie \u00bb sont ceux qui l\u2019ont travestie en en faisant l\u2019arbre qui cache la for\u00eat de la corruption et de la d\u00e9pr\u00e9dation.\u00a0 \u00ab Les fossoyeurs de la justice \u00bb sont ceux qui l\u2019ont infiltr\u00e9e pour en faire un instrument au service des amis et une arme pour se d\u00e9barrasser des ennemis. Quant aux \u00ab nostalgiques de la dictature \u00bb, ils ont bien des raisons pour justifier leur nostalgie En un mot, entre vivre digne sous \u00ab la dictature \u00bb et mendier les moyens de sa subsistance sous \u00ab la d\u00e9mocratie \u00bb, le choix n\u2019est pas corn\u00e9lien. Il est \u00e9vident.<\/p>\n<\/div>\n<footer>\n<div class=\"td-post-source-tags\">\n<ul class=\"td-tags td-post-small-box clearfix\">\n<li><strong>leconomistemaghrebin<\/strong><\/li>\n<\/ul>\n<\/div>\n<\/footer>\n<div class=\"wp-post-author-wrap wp-post-author-shortcode left\">\n<h3 class=\"awpa-title\"\/>\n<div class=\"wp-post-author\">\n<div class=\"awpa-img awpa-author-block square\"><a href=\"http:\/\/lexpertjournal.net\/fr\/?author=5\"><img loading=\"lazy\" decoding=\"async\" alt=\"\" src=\"http:\/\/0.gravatar.com\/avatar\/97f8e10a1c1125ba104a76514ee07b16?s=150&amp;d=mm&amp;r=g\" srcset=\"http:\/\/0.gravatar.com\/avatar\/97f8e10a1c1125ba104a76514ee07b16?s=300&amp;d=mm&amp;r=g 2x\" class=\"avatar avatar-150 photo\" height=\"150\" width=\"150\"\/><\/a><\/div>\n<\/div>\n<\/div>\n<aside class=\"mashsb-container mashsb-main mashsb-stretched\">\n<\/aside>\n<p>Auteur: L&rsquo;expert<br \/>\n<a href=\"http:\/\/lexpertjournal.net\/fr\/?p=19888\">Cliquez ici pour lire l&rsquo;article depuis sa source.<\/a><\/p>\n","protected":false},"excerpt":{"rendered":"<p>Le coronavirus a boulevers\u00e9 la vie sur la plan\u00e8te. Sa virulence est telle que les humains que nous sommes, en particulier la majorit\u00e9 de la population mondiale qui vit dans les pays pauvres et sous-d\u00e9velopp\u00e9s, ne sait plus \u00e0 quel saint se vouer. Notre drame en Tunisie est que ce virus vient s\u2019ajouter \u00e0 d\u2019autres [&hellip;]<\/p>\n","protected":false},"author":1775,"featured_media":0,"comment_status":"closed","ping_status":"closed","sticky":false,"template":"","format":"standard","meta":{"fifu_image_url":"http:\/\/0.gravatar.com\/avatar\/97f8e10a1c1125ba104a76514ee07b16?s=150&d=mm&r=g","fifu_image_alt":"Virus d\u00e9vastateurs et surr\u00e9alisme judiciaire","footnotes":""},"categories":[78,55],"tags":[],"class_list":["post-115815","post","type-post","status-publish","format-standard","hentry","category-economie","category-tunisie"],"_links":{"self":[{"href":"https:\/\/linitiative.ca\/International\/wp-json\/wp\/v2\/posts\/115815","targetHints":{"allow":["GET"]}}],"collection":[{"href":"https:\/\/linitiative.ca\/International\/wp-json\/wp\/v2\/posts"}],"about":[{"href":"https:\/\/linitiative.ca\/International\/wp-json\/wp\/v2\/types\/post"}],"author":[{"embeddable":true,"href":"https:\/\/linitiative.ca\/International\/wp-json\/wp\/v2\/users\/1775"}],"replies":[{"embeddable":true,"href":"https:\/\/linitiative.ca\/International\/wp-json\/wp\/v2\/comments?post=115815"}],"version-history":[{"count":0,"href":"https:\/\/linitiative.ca\/International\/wp-json\/wp\/v2\/posts\/115815\/revisions"}],"wp:attachment":[{"href":"https:\/\/linitiative.ca\/International\/wp-json\/wp\/v2\/media?parent=115815"}],"wp:term":[{"taxonomy":"category","embeddable":true,"href":"https:\/\/linitiative.ca\/International\/wp-json\/wp\/v2\/categories?post=115815"},{"taxonomy":"post_tag","embeddable":true,"href":"https:\/\/linitiative.ca\/International\/wp-json\/wp\/v2\/tags?post=115815"}],"curies":[{"name":"wp","href":"https:\/\/api.w.org\/{rel}","templated":true}]}}