{"id":115818,"date":"2021-04-29T09:25:19","date_gmt":"2021-04-29T13:25:19","guid":{"rendered":"https:\/\/linitiative.ca\/International\/le-ministre-des-finances-accuse-le-parlement-dentraver-le-travail-du-gouvernement\/"},"modified":"2021-04-29T09:25:19","modified_gmt":"2021-04-29T13:25:19","slug":"le-ministre-des-finances-accuse-le-parlement-dentraver-le-travail-du-gouvernement","status":"publish","type":"post","link":"https:\/\/linitiative.ca\/International\/le-ministre-des-finances-accuse-le-parlement-dentraver-le-travail-du-gouvernement\/","title":{"rendered":"Le ministre des Finances accuse le Parlement d\u2019entraver le travail du gouvernement"},"content":{"rendered":"<p>Dans une d\u00e9claration ce jeudi 29 avril 2021 sur Express FM, le ministre des Finances, Ali Kooli, a accus\u00e9 le Parlement d\u2019entraver le travail du gouvernement. Il a point\u00e9 du doigt la commission parlementaire des Finances assurant que celle-ci avait bloqu\u00e9 plusieurs projets de loi portant approbation d\u2019accords de pr\u00eats.<\/p>\n<p>Le ministre des Finances a \u00a0cit\u00e9 \u00e0 titre d\u2019exemple des accords de pr\u00eats avec les banques tunisiennes et l\u2019Union europ\u00e9enne et estim\u00e9 que ces projets avaient \u00e9t\u00e9 bloqu\u00e9s pendant des mois pour \u00ab\u00a0des raisons purement politiques\u00a0\u00bb.<\/p>\n<p><strong>espacemanager<\/strong><\/p>\n<div class=\"wp-post-author-wrap wp-post-author-shortcode left\">\n<h3 class=\"awpa-title\"\/>\n<div class=\"wp-post-author\">\n<div class=\"awpa-img awpa-author-block square\"><a href=\"http:\/\/lexpertjournal.net\/fr\/?author=5\"><img loading=\"lazy\" decoding=\"async\" alt=\"\" src=\"http:\/\/0.gravatar.com\/avatar\/97f8e10a1c1125ba104a76514ee07b16?s=150&amp;d=mm&amp;r=g\" srcset=\"http:\/\/0.gravatar.com\/avatar\/97f8e10a1c1125ba104a76514ee07b16?s=300&amp;d=mm&amp;r=g 2x\" class=\"avatar avatar-150 photo\" height=\"150\" width=\"150\"\/><\/a><\/div>\n<\/div>\n<\/div>\n<aside class=\"mashsb-container mashsb-main mashsb-stretched\">\n<\/aside>\n<p>Auteur: L&rsquo;expert<br \/>\n<a href=\"http:\/\/lexpertjournal.net\/fr\/?p=19896\">Cliquez ici pour lire l&rsquo;article depuis sa source.<\/a><\/p>\n","protected":false},"excerpt":{"rendered":"<p>Dans une d\u00e9claration ce jeudi 29 avril 2021 sur Express FM, le ministre des Finances, Ali Kooli, a accus\u00e9 le Parlement d\u2019entraver le travail du gouvernement. Il a point\u00e9 du doigt la commission parlementaire des Finances assurant que celle-ci avait bloqu\u00e9 plusieurs projets de loi portant approbation d\u2019accords de pr\u00eats. Le ministre des Finances a [&hellip;]<\/p>\n","protected":false},"author":1775,"featured_media":0,"comment_status":"closed","ping_status":"closed","sticky":false,"template":"","format":"standard","meta":{"fifu_image_url":"http:\/\/0.gravatar.com\/avatar\/97f8e10a1c1125ba104a76514ee07b16?s=150&d=mm&r=g","fifu_image_alt":"Le ministre des Finances accuse le Parlement d\u2019entraver le travail du gouvernement","footnotes":""},"categories":[78,55],"tags":[],"class_list":["post-115818","post","type-post","status-publish","format-standard","hentry","category-economie","category-tunisie"],"_links":{"self":[{"href":"https:\/\/linitiative.ca\/International\/wp-json\/wp\/v2\/posts\/115818","targetHints":{"allow":["GET"]}}],"collection":[{"href":"https:\/\/linitiative.ca\/International\/wp-json\/wp\/v2\/posts"}],"about":[{"href":"https:\/\/linitiative.ca\/International\/wp-json\/wp\/v2\/types\/post"}],"author":[{"embeddable":true,"href":"https:\/\/linitiative.ca\/International\/wp-json\/wp\/v2\/users\/1775"}],"replies":[{"embeddable":true,"href":"https:\/\/linitiative.ca\/International\/wp-json\/wp\/v2\/comments?post=115818"}],"version-history":[{"count":0,"href":"https:\/\/linitiative.ca\/International\/wp-json\/wp\/v2\/posts\/115818\/revisions"}],"wp:attachment":[{"href":"https:\/\/linitiative.ca\/International\/wp-json\/wp\/v2\/media?parent=115818"}],"wp:term":[{"taxonomy":"category","embeddable":true,"href":"https:\/\/linitiative.ca\/International\/wp-json\/wp\/v2\/categories?post=115818"},{"taxonomy":"post_tag","embeddable":true,"href":"https:\/\/linitiative.ca\/International\/wp-json\/wp\/v2\/tags?post=115818"}],"curies":[{"name":"wp","href":"https:\/\/api.w.org\/{rel}","templated":true}]}}