{"id":115819,"date":"2021-04-29T09:31:56","date_gmt":"2021-04-29T13:31:56","guid":{"rendered":"https:\/\/linitiative.ca\/International\/moncef-marzouki-lance-lalerte-sur-une-grande-catastrophe\/"},"modified":"2021-04-29T09:31:56","modified_gmt":"2021-04-29T13:31:56","slug":"moncef-marzouki-lance-lalerte-sur-une-grande-catastrophe","status":"publish","type":"post","link":"https:\/\/linitiative.ca\/International\/moncef-marzouki-lance-lalerte-sur-une-grande-catastrophe\/","title":{"rendered":"Moncef Marzouki lance l\u2019alerte sur \u00ab\u00a0une grande catastrophe\u00a0\u00bb"},"content":{"rendered":"<p>Dans un message post\u00e9 ce jeudi 29 avril 2021 sur sa page officielle Facebook, l\u2019ancien pr\u00e9sident, Moncef Marzouki, lance une alerte et avertit sur \u00ab\u00a0une grande catastrophe qui est encore \u00e0 ses d\u00e9buts\u00a0\u00bb, par allusion \u00e0 la situation \u00e9pid\u00e9miologique grave dans le pays.<\/p>\n<p>Marzouki, qui pr\u00e9voit encore une d\u00e9gradation de la situation avant et apr\u00e8s l\u2019A\u00efd, impute la responsabilit\u00e9 \u00e0 \u00ab\u00a0l\u2019absence d\u2019exemple au sommet de l\u2019Etat, et de courage au niveau des d\u00e9cisions gouvernementales\u00a0\u00bb.<\/p>\n<p>Selon Marzouki, \u00ab\u00a0la classe politique a perdu la boussole et ne prend plus la mesure de la gravit\u00e9 de la situation\u00a0\u00bb.<\/p>\n<p><img loading=\"lazy\" decoding=\"async\" class=\"alignnone wp-image-19900 size-full\" src=\"http:\/\/lexpertjournal.net\/fr\/wp-content\/uploads\/sites\/2\/2021\/04\/Capture-d\u2019e\u0301cran-2021-04-29-a\u0300-14.32.24.png\" alt=\"\" width=\"689\" height=\"788\" srcset=\"http:\/\/lexpertjournal.net\/fr\/wp-content\/uploads\/sites\/2\/2021\/04\/Capture-d\u2019e\u0301cran-2021-04-29-a\u0300-14.32.24.png 689w, http:\/\/lexpertjournal.net\/fr\/wp-content\/uploads\/sites\/2\/2021\/04\/Capture-d\u2019e\u0301cran-2021-04-29-a\u0300-14.32.24-262x300.png 262w\" sizes=\"auto, (max-width: 689px) 100vw, 689px\"\/><\/p>\n<p><strong>espacemanager<\/strong><\/p>\n<div class=\"wp-post-author-wrap wp-post-author-shortcode left\">\n<h3 class=\"awpa-title\"\/>\n<div class=\"wp-post-author\">\n<div class=\"awpa-img awpa-author-block square\"><a href=\"http:\/\/lexpertjournal.net\/fr\/?author=5\"><img loading=\"lazy\" decoding=\"async\" alt=\"\" src=\"http:\/\/0.gravatar.com\/avatar\/97f8e10a1c1125ba104a76514ee07b16?s=150&amp;d=mm&amp;r=g\" srcset=\"http:\/\/0.gravatar.com\/avatar\/97f8e10a1c1125ba104a76514ee07b16?s=300&amp;d=mm&amp;r=g 2x\" class=\"avatar avatar-150 photo\" height=\"150\" width=\"150\"\/><\/a><\/div>\n<\/div>\n<\/div>\n<aside class=\"mashsb-container mashsb-main mashsb-stretched\">\n<\/aside>\n<p>Auteur: L&rsquo;expert<br \/>\n<a href=\"http:\/\/lexpertjournal.net\/fr\/?p=19899\">Cliquez ici pour lire l&rsquo;article depuis sa source.<\/a><\/p>\n","protected":false},"excerpt":{"rendered":"<p>Dans un message post\u00e9 ce jeudi 29 avril 2021 sur sa page officielle Facebook, l\u2019ancien pr\u00e9sident, Moncef Marzouki, lance une alerte et avertit sur \u00ab\u00a0une grande catastrophe qui est encore \u00e0 ses d\u00e9buts\u00a0\u00bb, par allusion \u00e0 la situation \u00e9pid\u00e9miologique grave dans le pays. Marzouki, qui pr\u00e9voit encore une d\u00e9gradation de la situation avant et apr\u00e8s [&hellip;]<\/p>\n","protected":false},"author":1775,"featured_media":0,"comment_status":"closed","ping_status":"closed","sticky":false,"template":"","format":"standard","meta":{"fifu_image_url":"http:\/\/lexpertjournal.net\/fr\/wp-content\/uploads\/sites\/2\/2021\/04\/Capture-d\u2019e\u0301cran-2021-04-29-a\u0300-14.32.24.png","fifu_image_alt":"Moncef Marzouki lance l\u2019alerte sur \u00ab\u00a0une grande catastrophe\u00a0\u00bb","footnotes":""},"categories":[78,55],"tags":[],"class_list":["post-115819","post","type-post","status-publish","format-standard","hentry","category-economie","category-tunisie"],"_links":{"self":[{"href":"https:\/\/linitiative.ca\/International\/wp-json\/wp\/v2\/posts\/115819","targetHints":{"allow":["GET"]}}],"collection":[{"href":"https:\/\/linitiative.ca\/International\/wp-json\/wp\/v2\/posts"}],"about":[{"href":"https:\/\/linitiative.ca\/International\/wp-json\/wp\/v2\/types\/post"}],"author":[{"embeddable":true,"href":"https:\/\/linitiative.ca\/International\/wp-json\/wp\/v2\/users\/1775"}],"replies":[{"embeddable":true,"href":"https:\/\/linitiative.ca\/International\/wp-json\/wp\/v2\/comments?post=115819"}],"version-history":[{"count":0,"href":"https:\/\/linitiative.ca\/International\/wp-json\/wp\/v2\/posts\/115819\/revisions"}],"wp:attachment":[{"href":"https:\/\/linitiative.ca\/International\/wp-json\/wp\/v2\/media?parent=115819"}],"wp:term":[{"taxonomy":"category","embeddable":true,"href":"https:\/\/linitiative.ca\/International\/wp-json\/wp\/v2\/categories?post=115819"},{"taxonomy":"post_tag","embeddable":true,"href":"https:\/\/linitiative.ca\/International\/wp-json\/wp\/v2\/tags?post=115819"}],"curies":[{"name":"wp","href":"https:\/\/api.w.org\/{rel}","templated":true}]}}