{"id":115820,"date":"2021-04-29T11:43:00","date_gmt":"2021-04-29T15:43:00","guid":{"rendered":"https:\/\/linitiative.ca\/International\/karim-tabbou-place-sous-controle-judiciaire\/"},"modified":"2021-04-29T11:43:00","modified_gmt":"2021-04-29T15:43:00","slug":"karim-tabbou-place-sous-controle-judiciaire","status":"publish","type":"post","link":"https:\/\/linitiative.ca\/International\/karim-tabbou-place-sous-controle-judiciaire\/","title":{"rendered":"Karim Tabbou plac\u00e9 sous contr\u00f4le judiciaire"},"content":{"rendered":"<div id=\"originalText\" readability=\"67\">\n<p>Le porte-parole de l\u2019Union d\u00e9mocratique et sociale (UDS, parti non agr\u00e9\u00e9), Karim Tabbou, a \u00e9t\u00e9 plac\u00e9, ce jeudi, sous contr\u00f4le judiciaire, par le juge instructeur pr\u00e8s le tribunal de Bir Mourad Ra\u00efs, apr\u00e8s avoir \u00e9t\u00e9 pr\u00e9sent\u00e9, ce matin, devant le procureur de la r\u00e9publique pr\u00e8s la m\u00eame juridiction, a appris Libert\u00e9 aupr\u00e8s de ses avocats.\u00a0<\/p>\n<p>Cela intervient suite \u00e0 son placement en garde \u00e0 vue, hier, \u00e0 la division ouest de la police judiciaire, sise \u00e0 Chateauneuf, sur les hauteurs d\u2019Alger, o\u00f9 il\u00a0 a \u00e9t\u00e9 convoqu\u00e9 puis longuement interrog\u00e9 sur l\u2019affaire Bouzid Lazhari, le pr\u00e9sident du Conseil national des droits de l\u2019homme, qui est \u00e0 l\u2019origine de la plainte. \u00a0<\/p>\n<p>Pour rappel, lundi dernier, Karim Tabbou et plusieurs jeunes venus assister aux fun\u00e9railles de l&rsquo;avocat et militant des droits de l&rsquo;homme, Me Ali Yahia Abdenour, ont interpell\u00e9 le pr\u00e9sident du CNDH \u00e0 la sortie du cimeti\u00e8re de Ben Aknoun, le sommant de \u00ab\u00a0d\u00e9gager des lieux\u00a0\u00bb sous des slogans du mouvement populaire.\u00a0<\/p>\n<p class=\"c6\"><strong>R\u00e9daction Web\u00a0<\/strong><\/p>\n<\/div>\n<div id=\"text_core\" readability=\"67\">\n<p>Le porte-parole de l\u2019Union d\u00e9mocratique et sociale (UDS, parti non agr\u00e9\u00e9), Karim Tabbou, a \u00e9t\u00e9 plac\u00e9, ce jeudi, sous contr\u00f4le judiciaire, par le juge instructeur pr\u00e8s le tribunal de Bir Mourad Ra\u00efs, apr\u00e8s avoir \u00e9t\u00e9 pr\u00e9sent\u00e9, ce matin, devant le procureur de la r\u00e9publique pr\u00e8s la m\u00eame juridiction, a appris Libert\u00e9 aupr\u00e8s de ses avocats.\u00a0<\/p>\n<p>Cela intervient suite \u00e0 son placement en garde \u00e0 vue, hier, \u00e0 la division ouest de la police judiciaire, sise \u00e0 Chateauneuf, sur les hauteurs d\u2019Alger, o\u00f9 il\u00a0 a \u00e9t\u00e9 convoqu\u00e9 puis longuement interrog\u00e9 sur l\u2019affaire Bouzid Lazhari, le pr\u00e9sident du Conseil national des droits de l\u2019homme, qui est \u00e0 l\u2019origine de la plainte. \u00a0<\/p>\n<p>Pour rappel, lundi dernier, Karim Tabbou et plusieurs jeunes venus assister aux fun\u00e9railles de l&rsquo;avocat et militant des droits de l&rsquo;homme, Me Ali Yahia Abdenour, ont interpell\u00e9 le pr\u00e9sident du CNDH \u00e0 la sortie du cimeti\u00e8re de Ben Aknoun, le sommant de \u00ab\u00a0d\u00e9gager des lieux\u00a0\u00bb sous des slogans du mouvement populaire.\u00a0<\/p>\n<p class=\"c6\"><strong>R\u00e9daction Web\u00a0<\/strong><\/p>\n<\/div>\n<p>Auteur:<br \/>\n<a href=\"https:\/\/www.liberte-algerie.com\/actualite\/karim-tabbou-place-sous-controle-judiciaire-358039\">Cliquez ici pour lire l&rsquo;article depuis sa source.<\/a><\/p>\n","protected":false},"excerpt":{"rendered":"<p>Le porte-parole de l\u2019Union d\u00e9mocratique et sociale (UDS, parti non agr\u00e9\u00e9), Karim Tabbou, a \u00e9t\u00e9 plac\u00e9, ce jeudi, sous contr\u00f4le judiciaire, par le juge instructeur pr\u00e8s le tribunal de Bir Mourad Ra\u00efs, apr\u00e8s avoir \u00e9t\u00e9 pr\u00e9sent\u00e9, ce matin, devant le procureur de la r\u00e9publique pr\u00e8s la m\u00eame juridiction, a appris Libert\u00e9 aupr\u00e8s de ses avocats.\u00a0 [&hellip;]<\/p>\n","protected":false},"author":1742,"featured_media":0,"comment_status":"closed","ping_status":"closed","sticky":false,"template":"","format":"standard","meta":{"fifu_image_url":"","fifu_image_alt":"","footnotes":""},"categories":[73,53],"tags":[],"class_list":["post-115820","post","type-post","status-publish","format-standard","hentry","category-actualite","category-algerie"],"_links":{"self":[{"href":"https:\/\/linitiative.ca\/International\/wp-json\/wp\/v2\/posts\/115820","targetHints":{"allow":["GET"]}}],"collection":[{"href":"https:\/\/linitiative.ca\/International\/wp-json\/wp\/v2\/posts"}],"about":[{"href":"https:\/\/linitiative.ca\/International\/wp-json\/wp\/v2\/types\/post"}],"author":[{"embeddable":true,"href":"https:\/\/linitiative.ca\/International\/wp-json\/wp\/v2\/users\/1742"}],"replies":[{"embeddable":true,"href":"https:\/\/linitiative.ca\/International\/wp-json\/wp\/v2\/comments?post=115820"}],"version-history":[{"count":0,"href":"https:\/\/linitiative.ca\/International\/wp-json\/wp\/v2\/posts\/115820\/revisions"}],"wp:attachment":[{"href":"https:\/\/linitiative.ca\/International\/wp-json\/wp\/v2\/media?parent=115820"}],"wp:term":[{"taxonomy":"category","embeddable":true,"href":"https:\/\/linitiative.ca\/International\/wp-json\/wp\/v2\/categories?post=115820"},{"taxonomy":"post_tag","embeddable":true,"href":"https:\/\/linitiative.ca\/International\/wp-json\/wp\/v2\/tags?post=115820"}],"curies":[{"name":"wp","href":"https:\/\/api.w.org\/{rel}","templated":true}]}}