{"id":115821,"date":"2021-04-29T08:30:06","date_gmt":"2021-04-29T12:30:06","guid":{"rendered":"https:\/\/linitiative.ca\/International\/averses-orageuses-localement-fortes-vendredi-et-samedi\/"},"modified":"2021-04-29T08:30:06","modified_gmt":"2021-04-29T12:30:06","slug":"averses-orageuses-localement-fortes-vendredi-et-samedi","status":"publish","type":"post","link":"https:\/\/linitiative.ca\/International\/averses-orageuses-localement-fortes-vendredi-et-samedi\/","title":{"rendered":"Averses orageuses localement fortes vendredi et samedi"},"content":{"rendered":"<div class=\"single-featured\"><img alt=\"\" data-src=\"http:\/\/www.mapmarrakech.ma\/map\/uploads\/2021\/04\/Averses-pluies-orages-1.jpg\"\/><\/div>\n<div class=\"single-post-excerpt post-excerpt-bc\" readability=\"34\">\n<p>Des averses orageuses localement fortes sont attendues vendredi et samedi dans plusieurs provinces du Royaume, a annonc\u00e9 jeudi la Direction g\u00e9n\u00e9rale de la m\u00e9t\u00e9orologie (DGM).<\/p>\n<\/div>\n<div class=\"entry-content clearfix single-post-content\" readability=\"56\">\n<p>Ces averses, qui atteindront 30 \u00e0 50mm, sont attendues du vendredi \u00e0 15h00 au samedi \u00e0 03h00 dans les provinces d\u2019Al Haouz, Azilal, Beni Mellal, Berkane, El Hajeb, El Kela\u00e2 des Sraghna, F\u00e8s, Fqih Ben Saleh, Guercif, Ifrane, Kh\u00e9misset, Nador, Sefrou, Settat, Tourirt et Taza, a pr\u00e9cis\u00e9 la DGM dans un bulletin d\u2019alerte m\u00e9t\u00e9orologique.<\/p>\n<p>Ces averses seront accompagn\u00e9es localement de chutes de gr\u00eale et de rafales sous orages, ajoute la m\u00eame source.<\/p>\n<\/div>\n<p>Auteur: Meriem IGASS<br \/>\n<a href=\"http:\/\/www.mapmarrakech.ma\/fr\/averses-orageuses-localement-fortes-vendredi-et-samedi\/\">Cliquez ici pour lire l&rsquo;article depuis sa source.<\/a><\/p>\n","protected":false},"excerpt":{"rendered":"<p>Des averses orageuses localement fortes sont attendues vendredi et samedi dans plusieurs provinces du Royaume, a annonc\u00e9 jeudi la Direction g\u00e9n\u00e9rale de la m\u00e9t\u00e9orologie (DGM). Ces averses, qui atteindront 30 \u00e0 50mm, sont attendues du vendredi \u00e0 15h00 au samedi \u00e0 03h00 dans les provinces d\u2019Al Haouz, Azilal, Beni Mellal, Berkane, El Hajeb, El Kela\u00e2 [&hellip;]<\/p>\n","protected":false},"author":1788,"featured_media":0,"comment_status":"closed","ping_status":"closed","sticky":false,"template":"","format":"standard","meta":{"fifu_image_url":"http:\/\/www.mapmarrakech.ma\/map\/uploads\/2021\/04\/Averses-pluies-orages-1.jpg","fifu_image_alt":"Averses orageuses localement fortes vendredi et samedi","footnotes":""},"categories":[54,76],"tags":[],"class_list":["post-115821","post","type-post","status-publish","format-standard","hentry","category-maroc","category-regions"],"_links":{"self":[{"href":"https:\/\/linitiative.ca\/International\/wp-json\/wp\/v2\/posts\/115821","targetHints":{"allow":["GET"]}}],"collection":[{"href":"https:\/\/linitiative.ca\/International\/wp-json\/wp\/v2\/posts"}],"about":[{"href":"https:\/\/linitiative.ca\/International\/wp-json\/wp\/v2\/types\/post"}],"author":[{"embeddable":true,"href":"https:\/\/linitiative.ca\/International\/wp-json\/wp\/v2\/users\/1788"}],"replies":[{"embeddable":true,"href":"https:\/\/linitiative.ca\/International\/wp-json\/wp\/v2\/comments?post=115821"}],"version-history":[{"count":0,"href":"https:\/\/linitiative.ca\/International\/wp-json\/wp\/v2\/posts\/115821\/revisions"}],"wp:attachment":[{"href":"https:\/\/linitiative.ca\/International\/wp-json\/wp\/v2\/media?parent=115821"}],"wp:term":[{"taxonomy":"category","embeddable":true,"href":"https:\/\/linitiative.ca\/International\/wp-json\/wp\/v2\/categories?post=115821"},{"taxonomy":"post_tag","embeddable":true,"href":"https:\/\/linitiative.ca\/International\/wp-json\/wp\/v2\/tags?post=115821"}],"curies":[{"name":"wp","href":"https:\/\/api.w.org\/{rel}","templated":true}]}}