{"id":115824,"date":"2021-04-29T12:22:13","date_gmt":"2021-04-29T16:22:13","guid":{"rendered":"https:\/\/linitiative.ca\/International\/saisie-de-plus-de-310-kg-de-produits-impropres-a-la-consommation\/"},"modified":"2021-04-29T12:22:13","modified_gmt":"2021-04-29T16:22:13","slug":"saisie-de-plus-de-310-kg-de-produits-impropres-a-la-consommation","status":"publish","type":"post","link":"https:\/\/linitiative.ca\/International\/saisie-de-plus-de-310-kg-de-produits-impropres-a-la-consommation\/","title":{"rendered":"Saisie de plus de 310 Kg de produits impropres \u00e0 la consommation"},"content":{"rendered":"<div readability=\"38\">\n<p>Essaouira \u2013 La Commission provinciale de contr\u00f4le des prix et de la qualit\u00e9 des produits alimentaires au niveau de la province d\u2019Essaouira a proc\u00e9d\u00e9, durant les 15 premiers jours du mois sacr\u00e9 du Ramadan (du 14 au 29 avril), \u00e0 la saisie et \u00e0 la destruction de 310,21 Kg de produits impropres \u00e0 la consommation ou non conformes aux normes de qualit\u00e9 requises.<\/p>\n<\/div>\n<div readability=\"74\">\n<p>Selon des donn\u00e9es de la Division des Affaires Economiques et de la Coordination (DAEC) relevant de la pr\u00e9fecture de la province d\u2019Essaouira, les quantit\u00e9s saisies sont ventil\u00e9es entre 112 Kg de boissons et de jus, 69,54 Kg de lait et d\u00e9riv\u00e9s et 67,12 kg de viandes, poissons et charcuterie.<\/p>\n<p>Il s\u2019agit \u00e9galement de 31 kg de fruits et l\u00e9gumes, 17,31 Kg de pains, g\u00e2teaux et confiseries, 6,80 Kg de repas et plats cuisin\u00e9s, 5 Kg de farine et produits d\u00e9riv\u00e9s, 0,95 Kg de conserves et bouillons et de 0,49 kg de produits alimentaires divers.<\/p>\n<p>D\u2019autre part, la DAEC a fait savoir qu\u2019il a \u00e9t\u00e9 \u00e9galement proc\u00e9d\u00e9 au pr\u00e9l\u00e8vement de 9 \u00e9chantillons sur divers produits (conserves et bouillons, dattes et fruits secs (2), l\u00e9gumineuses, miels et confitures (2), olives et huiles, pains, g\u00e2teaux et confiseries, sucre caf\u00e9 et th\u00e9), qui ont \u00e9t\u00e9 envoy\u00e9s au laboratoire pour analyse afin de s\u2019assurer de la qualit\u00e9 de ces produits alimentaires conform\u00e9ment aux mesures r\u00e9glementaires en vigueur.<\/p>\n<p>Par ailleurs, la Commission provinciale continue d\u2019intensifier ses op\u00e9rations de contr\u00f4le des prix et de la qualit\u00e9 des produits alimentaires au niveau des march\u00e9s locaux en vue de contrecarrer tout type de fraude, de monopolisation, de sp\u00e9culation ou de manipulation des prix qui peuvent impacter le pouvoir d\u2019achat des citoyens.<\/p>\n<\/div>\n<p>Auteur: Meriem IGASS<br \/>\n<a href=\"http:\/\/www.mapmarrakech.ma\/fr\/saisie-de-plus-de-310-kg-de-produits-impropres-a-la-consommation\/\">Cliquez ici pour lire l&rsquo;article depuis sa source.<\/a><\/p>\n","protected":false},"excerpt":{"rendered":"<p>Essaouira \u2013 La Commission provinciale de contr\u00f4le des prix et de la qualit\u00e9 des produits alimentaires au niveau de la province d\u2019Essaouira a proc\u00e9d\u00e9, durant les 15 premiers jours du mois sacr\u00e9 du Ramadan (du 14 au 29 avril), \u00e0 la saisie et \u00e0 la destruction de 310,21 Kg de produits impropres \u00e0 la consommation [&hellip;]<\/p>\n","protected":false},"author":1788,"featured_media":0,"comment_status":"closed","ping_status":"closed","sticky":false,"template":"","format":"standard","meta":{"fifu_image_url":"","fifu_image_alt":"","footnotes":""},"categories":[54,76],"tags":[],"class_list":["post-115824","post","type-post","status-publish","format-standard","hentry","category-maroc","category-regions"],"_links":{"self":[{"href":"https:\/\/linitiative.ca\/International\/wp-json\/wp\/v2\/posts\/115824","targetHints":{"allow":["GET"]}}],"collection":[{"href":"https:\/\/linitiative.ca\/International\/wp-json\/wp\/v2\/posts"}],"about":[{"href":"https:\/\/linitiative.ca\/International\/wp-json\/wp\/v2\/types\/post"}],"author":[{"embeddable":true,"href":"https:\/\/linitiative.ca\/International\/wp-json\/wp\/v2\/users\/1788"}],"replies":[{"embeddable":true,"href":"https:\/\/linitiative.ca\/International\/wp-json\/wp\/v2\/comments?post=115824"}],"version-history":[{"count":0,"href":"https:\/\/linitiative.ca\/International\/wp-json\/wp\/v2\/posts\/115824\/revisions"}],"wp:attachment":[{"href":"https:\/\/linitiative.ca\/International\/wp-json\/wp\/v2\/media?parent=115824"}],"wp:term":[{"taxonomy":"category","embeddable":true,"href":"https:\/\/linitiative.ca\/International\/wp-json\/wp\/v2\/categories?post=115824"},{"taxonomy":"post_tag","embeddable":true,"href":"https:\/\/linitiative.ca\/International\/wp-json\/wp\/v2\/tags?post=115824"}],"curies":[{"name":"wp","href":"https:\/\/api.w.org\/{rel}","templated":true}]}}