{"id":115825,"date":"2021-04-29T12:25:44","date_gmt":"2021-04-29T16:25:44","guid":{"rendered":"https:\/\/linitiative.ca\/International\/environnement-rencontre-autour-du-projet-de-creation-de-laboratoires\/"},"modified":"2021-04-29T12:25:44","modified_gmt":"2021-04-29T16:25:44","slug":"environnement-rencontre-autour-du-projet-de-creation-de-laboratoires","status":"publish","type":"post","link":"https:\/\/linitiative.ca\/International\/environnement-rencontre-autour-du-projet-de-creation-de-laboratoires\/","title":{"rendered":"Environnement: Rencontre autour du projet de cr\u00e9ation de laboratoires"},"content":{"rendered":"<div readability=\"36\">\n<p>Marrakech \u2013 Une rencontre de coordination autour du projet de cr\u00e9ation de laboratoires territoriaux de formation \u00e0 l\u2019environnement s\u2019est tenue r\u00e9cemment au si\u00e8ge de l\u2019Acad\u00e9mie R\u00e9gionale d\u2019Education et de Formation (AREF) de Marrakech-Safi, avec la participation de tous les partenaires concern\u00e9s.<\/p>\n<\/div>\n<div readability=\"85\">\n<p>Ce projet \u00e9labor\u00e9 par la Fondation Mohammed VI pour la Protection de l\u2019Environnement, constitue une extension du Centre International Hassan II de Formation \u00e0 l\u2019Environnement, dont la premi\u00e8re mission consiste \u00e0 \u00e9duquer et \u00e0 sensibiliser \u00e0 l\u2019environnement, de mani\u00e8re directe, le grand public : jeunes, adultes, soci\u00e9t\u00e9 civile, administrations, entreprises, \u00e9lus\u2026, indique un communiqu\u00e9 de l\u2019AREF Marrakech-Safi.<\/p>\n<p>Intervenant \u00e0 cette rencontre, le directeur de l\u2019AREF, Moulay Ahmed Karimi, a exprim\u00e9 sa gratitude \u00e0 la Fondation Mohammed VI pour la Protection de l\u2019Environnement pour avoir choisi cette Acad\u00e9mie pour l\u2019implantation du projet dans sa premi\u00e8re phase avant sa g\u00e9n\u00e9ralisation sur tout le territoire national.<\/p>\n<p>Et de relever que l\u2019AREF Marrakech-Safi \u0153uvrera \u00e0 mettre en \u0153uvre et \u00e0 r\u00e9aliser tous les objectifs et r\u00e9sultats arr\u00eat\u00e9s pour ce programme, en parfaite coordination avec les services centralis\u00e9s du minist\u00e8re.<\/p>\n<p>Dans la m\u00eame lign\u00e9e, il a hautement salu\u00e9 cet important projet de par son efficacit\u00e9 et son efficience dans la cons\u00e9cration de la culture environnementale et la contribution \u00e0 la mise en \u0153uvre des Objectifs du D\u00e9veloppement Durable (ODD) au niveau territorial et ce, en harmonie avec les objectifs de la mise en \u0153uvre des dispositions de la Loi-cadre 51-17, notamment ceux qui se rapportent aux valeurs de citoyennet\u00e9 et de d\u00e9veloppement durable.<\/p>\n<p>Organis\u00e9e en coordination avec le minist\u00e8re de l\u2019\u00e9ducation nationale et la Fondation Mohammed VI pour la protection de l\u2019environnement, cette rencontre s\u2019est d\u00e9roul\u00e9e en pr\u00e9sence de M. Abdelaziz Ankouri, directeur adjoint de la vie scolaire, charg\u00e9 de la Gestion de la vie scolaire au sein du minist\u00e8re de l\u2019\u00c9ducation nationale, et coordinateur nationale de l\u2019environnement et d\u00e9veloppement durable, Mme Kenza Khallafi, coordinatrice nationale du partenariat et de la coop\u00e9ration internationale au sein de la Fondation Mohammed VI pour la protection de l\u2019environnement et Mme Zineb Rachdi, coordinatrice nationale du projet.<\/p>\n<p>Ont aussi pris part \u00e0 cette rencontre, le directeur de l\u2019Observatoire de la Palmeraie de Marrakech, les directeurs provinciaux de l\u2019\u00e9ducation nationale, les chefs de division et le coordinateur r\u00e9gional de l\u2019environnement de l\u2019AREF Marrakech-Safi.<\/p>\n<\/div>\n<p>Auteur: Meriem IGASS<br \/>\n<a href=\"http:\/\/www.mapmarrakech.ma\/fr\/rencontre-autour-du-projet-de-creation-de-laboratoires-dedies-a-lenvironnement\/\">Cliquez ici pour lire l&rsquo;article depuis sa source.<\/a><\/p>\n","protected":false},"excerpt":{"rendered":"<p>Marrakech \u2013 Une rencontre de coordination autour du projet de cr\u00e9ation de laboratoires territoriaux de formation \u00e0 l\u2019environnement s\u2019est tenue r\u00e9cemment au si\u00e8ge de l\u2019Acad\u00e9mie R\u00e9gionale d\u2019Education et de Formation (AREF) de Marrakech-Safi, avec la participation de tous les partenaires concern\u00e9s. Ce projet \u00e9labor\u00e9 par la Fondation Mohammed VI pour la Protection de l\u2019Environnement, constitue [&hellip;]<\/p>\n","protected":false},"author":1788,"featured_media":0,"comment_status":"closed","ping_status":"closed","sticky":false,"template":"","format":"standard","meta":{"fifu_image_url":"","fifu_image_alt":"","footnotes":""},"categories":[54,76],"tags":[],"class_list":["post-115825","post","type-post","status-publish","format-standard","hentry","category-maroc","category-regions"],"_links":{"self":[{"href":"https:\/\/linitiative.ca\/International\/wp-json\/wp\/v2\/posts\/115825","targetHints":{"allow":["GET"]}}],"collection":[{"href":"https:\/\/linitiative.ca\/International\/wp-json\/wp\/v2\/posts"}],"about":[{"href":"https:\/\/linitiative.ca\/International\/wp-json\/wp\/v2\/types\/post"}],"author":[{"embeddable":true,"href":"https:\/\/linitiative.ca\/International\/wp-json\/wp\/v2\/users\/1788"}],"replies":[{"embeddable":true,"href":"https:\/\/linitiative.ca\/International\/wp-json\/wp\/v2\/comments?post=115825"}],"version-history":[{"count":0,"href":"https:\/\/linitiative.ca\/International\/wp-json\/wp\/v2\/posts\/115825\/revisions"}],"wp:attachment":[{"href":"https:\/\/linitiative.ca\/International\/wp-json\/wp\/v2\/media?parent=115825"}],"wp:term":[{"taxonomy":"category","embeddable":true,"href":"https:\/\/linitiative.ca\/International\/wp-json\/wp\/v2\/categories?post=115825"},{"taxonomy":"post_tag","embeddable":true,"href":"https:\/\/linitiative.ca\/International\/wp-json\/wp\/v2\/tags?post=115825"}],"curies":[{"name":"wp","href":"https:\/\/api.w.org\/{rel}","templated":true}]}}