{"id":115829,"date":"2021-04-29T09:11:16","date_gmt":"2021-04-29T13:11:16","guid":{"rendered":"https:\/\/linitiative.ca\/International\/oujda-cloture-du-projet-majal-citoyen\/"},"modified":"2021-04-29T09:11:16","modified_gmt":"2021-04-29T13:11:16","slug":"oujda-cloture-du-projet-majal-citoyen","status":"publish","type":"post","link":"https:\/\/linitiative.ca\/International\/oujda-cloture-du-projet-majal-citoyen\/","title":{"rendered":"Oujda : cl\u00f4ture du projet \u00abMajal Citoyen\u00bb"},"content":{"rendered":"<div class=\"single-featured\"><img alt=\"\" data-src=\"http:\/\/www.mapoujda.ma\/map\/uploads\/2021\/04\/cl\u00f4ture-du-projet-Majal-Citoyen-\u00e0-Oujda-750\u00d7430-DR.jpg\"\/><\/div>\n<div class=\"entry-content clearfix single-post-content\" readability=\"64\">\n<p class=\"c4\">Le Mouvement des alternatives citoyennes (ALCI) organise, du 27 au 30 avril courant \u00e0 Oujda, les activit\u00e9s de l\u2019\u00abUniversit\u00e9 civile de la participation citoyenne\u00bb, en cl\u00f4ture du projet \u00abMajal Citoyen\u00bb, financ\u00e9 par l\u2019Union europ\u00e9enne dans le cadre du programme Moucharaka Mouwatina.<\/p>\n<p class=\"c4\">Cette universit\u00e9 civile porte sur des ateliers th\u00e9matiques en mati\u00e8re de jeunesse, d\u2019environnement, de genre social, avec un accent mis sur le renforcement de la participation citoyenne au niveau des collectivit\u00e9s territoriales et la mise en place d\u2019un guide de suivi et d\u2019\u00e9valuation des politiques publiques territoriales, indique un communiqu\u00e9 des organisateurs.<\/p>\n<p class=\"c4\">Cette rencontre connait la participation d\u2019experts, d\u2019acteurs de la soci\u00e9t\u00e9 civile et de repr\u00e9sentants des collectivit\u00e9s territoriales, en vue d\u2019approfondir la r\u00e9flexion sur les moyens de renforcer les acquis de la d\u00e9mocratie participative au niveau d\u2019Oujda, Berkane, Jerada et Figuig et de d\u00e9velopper les outils de dialogue, de concertation et de plaidoyer.<\/p>\n<p class=\"c4\">Le projet \u00abMajal Citoyen\u00bb vise \u00e0 cr\u00e9er une dynamique d\u2019audit et de contr\u00f4le citoyen des politiques publiques au niveau de la r\u00e9gion de l\u2019Oriental, notamment dans les communes d\u2019Oujda, Berkane, Jerada et Figuig.<\/p>\n<\/div>\n<p>Auteur: Soufiane ELAHMAR<br \/>\n<a href=\"http:\/\/www.mapoujda.ma\/fr\/oujda-cloture-du-projet-majal-citoyen\/\">Cliquez ici pour lire l&rsquo;article depuis sa source.<\/a><\/p>\n","protected":false},"excerpt":{"rendered":"<p>Le Mouvement des alternatives citoyennes (ALCI) organise, du 27 au 30 avril courant \u00e0 Oujda, les activit\u00e9s de l\u2019\u00abUniversit\u00e9 civile de la participation citoyenne\u00bb, en cl\u00f4ture du projet \u00abMajal Citoyen\u00bb, financ\u00e9 par l\u2019Union europ\u00e9enne dans le cadre du programme Moucharaka Mouwatina. Cette universit\u00e9 civile porte sur des ateliers th\u00e9matiques en mati\u00e8re de jeunesse, d\u2019environnement, de [&hellip;]<\/p>\n","protected":false},"author":1788,"featured_media":0,"comment_status":"closed","ping_status":"closed","sticky":false,"template":"","format":"standard","meta":{"fifu_image_url":"http:\/\/www.mapoujda.ma\/map\/uploads\/2021\/04\/cl\u00f4ture-du-projet-Majal-Citoyen-\u00e0-Oujda-750\u00d7430-DR.jpg","fifu_image_alt":"Oujda : cl\u00f4ture du projet \u00abMajal Citoyen\u00bb","footnotes":""},"categories":[54,76],"tags":[],"class_list":["post-115829","post","type-post","status-publish","format-standard","hentry","category-maroc","category-regions"],"_links":{"self":[{"href":"https:\/\/linitiative.ca\/International\/wp-json\/wp\/v2\/posts\/115829","targetHints":{"allow":["GET"]}}],"collection":[{"href":"https:\/\/linitiative.ca\/International\/wp-json\/wp\/v2\/posts"}],"about":[{"href":"https:\/\/linitiative.ca\/International\/wp-json\/wp\/v2\/types\/post"}],"author":[{"embeddable":true,"href":"https:\/\/linitiative.ca\/International\/wp-json\/wp\/v2\/users\/1788"}],"replies":[{"embeddable":true,"href":"https:\/\/linitiative.ca\/International\/wp-json\/wp\/v2\/comments?post=115829"}],"version-history":[{"count":0,"href":"https:\/\/linitiative.ca\/International\/wp-json\/wp\/v2\/posts\/115829\/revisions"}],"wp:attachment":[{"href":"https:\/\/linitiative.ca\/International\/wp-json\/wp\/v2\/media?parent=115829"}],"wp:term":[{"taxonomy":"category","embeddable":true,"href":"https:\/\/linitiative.ca\/International\/wp-json\/wp\/v2\/categories?post=115829"},{"taxonomy":"post_tag","embeddable":true,"href":"https:\/\/linitiative.ca\/International\/wp-json\/wp\/v2\/tags?post=115829"}],"curies":[{"name":"wp","href":"https:\/\/api.w.org\/{rel}","templated":true}]}}