{"id":115830,"date":"2021-04-29T09:29:47","date_gmt":"2021-04-29T13:29:47","guid":{"rendered":"https:\/\/linitiative.ca\/International\/report-des-vaccinations-programmees-pour-le-1er-mai-au-3-mai-2021\/"},"modified":"2021-04-29T09:29:47","modified_gmt":"2021-04-29T13:29:47","slug":"report-des-vaccinations-programmees-pour-le-1er-mai-au-3-mai-2021","status":"publish","type":"post","link":"https:\/\/linitiative.ca\/International\/report-des-vaccinations-programmees-pour-le-1er-mai-au-3-mai-2021\/","title":{"rendered":"Report des vaccinations programm\u00e9es pour le 1er mai au 3 mai 2021"},"content":{"rendered":"<div class=\"single-featured\"><img alt=\"\" data-src=\"http:\/\/www.mapoujda.ma\/map\/uploads\/2021\/02\/Un-citoyen-accompagnant-sa-m\u00e8re-vers-le-centre-de-vaccination-anti-Covid-19-750\u00d7430-MAPOUJDA.jpg\"\/><\/div>\n<div class=\"entry-content clearfix single-post-content\" readability=\"49\">\n<p class=\"c4\">Les vaccinations anti-Covid-19 programm\u00e9es pour le samedi 1er mai 2021 seront report\u00e9es au lundi 3 mai 2021, et seront administr\u00e9es dans les m\u00eames centres de vaccination pr\u00e9vus initialement, a annonc\u00e9 jeudi le minist\u00e8re de la Sant\u00e9.<\/p>\n<p class=\"c4\">Ce report intervient en raison de la c\u00e9l\u00e9bration de la F\u00eate du travail, qui correspond au 1er mai de chaque ann\u00e9e, explique le minist\u00e8re dans un communiqu\u00e9, ajoutant que les citoyens concern\u00e9s recevront un SMS pour les informer du rendez-vous de vaccination.<\/p>\n<p class=\"c4\">Le d\u00e9partement souligne la n\u00e9cessit\u00e9 de continuer \u00e0 se conformer aux mesures de pr\u00e9vention avant, pendant et apr\u00e8s la vaccination anti-Covid-19 pour contribuer aux efforts de lutte contre la propagation du virus, notamment apr\u00e8s la d\u00e9couverte de nouveaux variants au Maroc.<\/p>\n<\/div>\n<p>Auteur: Soufiane ELAHMAR<br \/>\n<a href=\"http:\/\/www.mapoujda.ma\/fr\/report-des-vaccinations-programmees-pour-le-1er-mai-au-3-mai-2021\/\">Cliquez ici pour lire l&rsquo;article depuis sa source.<\/a><\/p>\n","protected":false},"excerpt":{"rendered":"<p>Les vaccinations anti-Covid-19 programm\u00e9es pour le samedi 1er mai 2021 seront report\u00e9es au lundi 3 mai 2021, et seront administr\u00e9es dans les m\u00eames centres de vaccination pr\u00e9vus initialement, a annonc\u00e9 jeudi le minist\u00e8re de la Sant\u00e9. Ce report intervient en raison de la c\u00e9l\u00e9bration de la F\u00eate du travail, qui correspond au 1er mai de [&hellip;]<\/p>\n","protected":false},"author":1788,"featured_media":0,"comment_status":"closed","ping_status":"closed","sticky":false,"template":"","format":"standard","meta":{"fifu_image_url":"http:\/\/www.mapoujda.ma\/map\/uploads\/2021\/02\/Un-citoyen-accompagnant-sa-m\u00e8re-vers-le-centre-de-vaccination-anti-Covid-19-750\u00d7430-MAPOUJDA.jpg","fifu_image_alt":"Report des vaccinations programm\u00e9es pour le 1er mai au 3 mai 2021","footnotes":""},"categories":[54,76],"tags":[],"class_list":["post-115830","post","type-post","status-publish","format-standard","hentry","category-maroc","category-regions"],"_links":{"self":[{"href":"https:\/\/linitiative.ca\/International\/wp-json\/wp\/v2\/posts\/115830","targetHints":{"allow":["GET"]}}],"collection":[{"href":"https:\/\/linitiative.ca\/International\/wp-json\/wp\/v2\/posts"}],"about":[{"href":"https:\/\/linitiative.ca\/International\/wp-json\/wp\/v2\/types\/post"}],"author":[{"embeddable":true,"href":"https:\/\/linitiative.ca\/International\/wp-json\/wp\/v2\/users\/1788"}],"replies":[{"embeddable":true,"href":"https:\/\/linitiative.ca\/International\/wp-json\/wp\/v2\/comments?post=115830"}],"version-history":[{"count":0,"href":"https:\/\/linitiative.ca\/International\/wp-json\/wp\/v2\/posts\/115830\/revisions"}],"wp:attachment":[{"href":"https:\/\/linitiative.ca\/International\/wp-json\/wp\/v2\/media?parent=115830"}],"wp:term":[{"taxonomy":"category","embeddable":true,"href":"https:\/\/linitiative.ca\/International\/wp-json\/wp\/v2\/categories?post=115830"},{"taxonomy":"post_tag","embeddable":true,"href":"https:\/\/linitiative.ca\/International\/wp-json\/wp\/v2\/tags?post=115830"}],"curies":[{"name":"wp","href":"https:\/\/api.w.org\/{rel}","templated":true}]}}