{"id":115832,"date":"2021-04-29T11:19:09","date_gmt":"2021-04-29T15:19:09","guid":{"rendered":"https:\/\/linitiative.ca\/International\/de-grands-lecteurs-temoignent\/"},"modified":"2021-04-29T11:19:09","modified_gmt":"2021-04-29T15:19:09","slug":"de-grands-lecteurs-temoignent","status":"publish","type":"post","link":"https:\/\/linitiative.ca\/International\/de-grands-lecteurs-temoignent\/","title":{"rendered":"De grands lecteurs t\u00e9moignent"},"content":{"rendered":"<p class=\"rtejustify\"><strong>A l&rsquo;occasion du 6.000e num\u00e9ro de L&rsquo;Economiste, de grands lecteurs ayant accompagn\u00e9\u00a0 l&rsquo;\u00e9volution du journal, livrent leurs t\u00e9moignages sur la contribution du quotidien \u00e9conomique au paysage m\u00e9diatique.<\/strong><\/p>\n<p><strong><span class=\"c4\">Abdellatif Jouahri, wali de Bank Al Maghrib<\/span><\/strong><\/p>\n<div class=\"dnd-atom-wrapper type-image context-sdl_editor_representation atom-align-right\" contenteditable=\"false\">\n<div class=\"dnd-drop-wrapper image\"><img loading=\"lazy\" decoding=\"async\" typeof=\"foaf:Image\" class=\"img-responsive\" src=\"https:\/\/www.leconomiste.com\/sites\/default\/files\/eco7\/public\/thumbnails\/image\/abdellatif-jouahri-00.jpg\" width=\"283\" height=\"223\" alt=\"abdellatif-jouahri-00.jpg\" title=\"abdellatif-jouahri-00.jpg\"\/><\/div>\n<\/div>\n<p class=\"rtejustify\">Je f\u00e9licite le management et les \u00e9quipes du journal L\u2019Economiste qui f\u00eate aujourd\u2019hui son 6000e num\u00e9ro. Etant un fid\u00e8le lecteur depuis des ann\u00e9es, j\u2019ai pu constater son d\u00e9veloppement et le voir s\u2019\u00e9riger rapidement en tant que r\u00e9f\u00e9rence incontournable en mati\u00e8re d\u2019information \u00e9conomique, mais \u00e9galement d\u2019\u00e9valuation des politiques publiques et priv\u00e9es.\u00a0 Au-del\u00e0 de la qualit\u00e9 de ses \u00e9quipes, je pense que le succ\u00e8s et l\u2019expansion qu\u2019a connu L\u2019Economiste tiennent au mod\u00e8le d\u2019organisation qu\u2019il a choisi. En tant qu\u2019entreprise priv\u00e9e g\u00e9r\u00e9e selon les pratiques modernes de gouvernance, il a contribu\u00e9 dans une large mesure \u00e0 la professionnalisation du journalisme marocain. Il s\u2019est ouvert sur son \u00e9cosyst\u00e8me avec la cr\u00e9ation d\u2019une \u00e9cole de journalisme et la mise en place de ses prix pour la recherche \u00e9conomique. Il est aujourd\u2019hui un mod\u00e8le qui s\u2019exporte et sa pr\u00e9sence en Afrique subsaharienne en est la preuve concr\u00e8te. En tant que citoyen marocain et responsable, je ne peux que me r\u00e9jouir que dans notre pays nous ayons des supports m\u00e9diatiques de qualit\u00e9 comme L\u2019Economiste.<\/p>\n<p><strong><span class=\"c4\">Mohamed Bencha\u00e2boun, ministre de l&rsquo;Economie et des Finances<\/span><\/strong><\/p>\n<div class=\"dnd-atom-wrapper type-image context-sdl_editor_representation atom-align-right\" contenteditable=\"false\">\n<div class=\"dnd-drop-wrapper image\"><img loading=\"lazy\" decoding=\"async\" typeof=\"foaf:Image\" class=\"img-responsive\" src=\"https:\/\/www.leconomiste.com\/sites\/default\/files\/eco7\/public\/thumbnails\/image\/benchaaboun-00.jpg\" width=\"193\" height=\"283\" alt=\"benchaaboun-00.jpg\" title=\"benchaaboun-00.jpg\"\/><\/div>\n<\/div>\n<p class=\"rtejustify\">A l\u2019occasion de la publication du 6000e num\u00e9ro du journal L\u2019Economiste, je voudrais f\u00e9liciter les fondateurs, le management et toute l\u2019\u00e9quipe de ce journal qui accompagne la r\u00e9flexion \u00e9conomique marocaine depuis plusieurs d\u00e9cennies. En 30 ans, L\u2019Economiste a pu s\u2019affirmer comme support ind\u00e9pendant et cr\u00e9dible permettant d\u2019apporter pour chaque sujet \u00e9conomique, \u00e0 fort impact sur la vie des Marocains, une lecture de qualit\u00e9 et des analyses pertinentes. Je voudrais \u00e9galement saluer la contribution de L\u2019Economiste, en tant que premier quotidien \u00e9conomique, \u00e0 l\u2019am\u00e9lioration du champ journalistique marocain et africain \u00e0 travers l\u2019impartialit\u00e9 et le courage de la plume d\u2019\u00e9quipes de haut niveau. Je souhaite davantage de succ\u00e8s au journal, \u00e0 toutes ses \u00e9quipes en attendant plusieurs autres milliers de num\u00e9ros.<\/p>\n<p class=\"rtejustify\"><strong><span class=\"c4\">Chakib Alj, pr\u00e9sident de la CGEM<\/span><\/strong><\/p>\n<div class=\"dnd-atom-wrapper type-image context-sdl_editor_representation atom-align-right\" contenteditable=\"false\">\n<div class=\"dnd-drop-wrapper image\"><img loading=\"lazy\" decoding=\"async\" typeof=\"foaf:Image\" class=\"img-responsive\" src=\"https:\/\/www.leconomiste.com\/sites\/default\/files\/eco7\/public\/thumbnails\/image\/chakib-alj-00_0.jpg\" width=\"283\" height=\"218\" alt=\"chakib-alj-00.jpg\" title=\"chakib-alj-00.jpg\"\/><\/div>\n<\/div>\n<p class=\"rtejustify\">Mes f\u00e9licitations \u00e0 la famille du Groupe Eco-M\u00e9dias \u00e0 l\u2019occasion de la parution du num\u00e9ro 6.000 du journal L\u2019Economiste.<br \/>En tant que lecteur assidu, j\u2019ai assist\u00e9 au d\u00e9veloppement de ce quotidien, qui a su, au fil du temps, se positionner comme une r\u00e9f\u00e9rence nationale en termes d&rsquo;information et d\u2019analyse \u00e9conomique. Ouvert sur son environnement, L\u2019Economiste a et continue \u00e0 jouer un r\u00f4le important dans la sensibilisation et la formation de citoyens responsables, avertis et capables de comprendre les enjeux \u00e9conomiques, politiques et sociaux de leur pays. Il est aussi consid\u00e9r\u00e9 par les chefs d\u2019entreprise comme un accompagnateur fiable en mati\u00e8re de prise de d\u00e9cision.<br \/>Je souhaite saisir cette occasion pour saluer la vision de la gouvernance d\u2019Eco-M\u00e9dias, ainsi que le travail de qualit\u00e9 men\u00e9 par les\u00a0 journalistes du Groupe avec qui j\u2019ai \u00e9chang\u00e9, il y a quelques mois, dans le cadre du Club de L&rsquo;Economiste.<br \/>En tant que citoyen, je suis fier que notre pays dispose de m\u00e9dias de cette qualit\u00e9. Longue vie \u00e0 L\u2019Economiste!<\/p>\n<p class=\"rtejustify\"><strong><span class=\"c4\">Driss Benhima, ancien ministre<\/span><\/strong><\/p>\n<div class=\"dnd-atom-wrapper type-image context-sdl_editor_representation atom-align-right\" contenteditable=\"false\">\n<div class=\"dnd-drop-wrapper image\"><img loading=\"lazy\" decoding=\"async\" typeof=\"foaf:Image\" class=\"img-responsive\" src=\"https:\/\/www.leconomiste.com\/sites\/default\/files\/eco7\/public\/thumbnails\/image\/driss-benhima-00.jpg\" width=\"283\" height=\"199\" alt=\"driss-benhima-00.jpg\" title=\"driss-benhima-00.jpg\"\/><\/div>\n<\/div>\n<p class=\"rtejustify\">La comm\u00e9moration du six milli\u00e8me num\u00e9ro de L\u2019Economiste est une opportunit\u00e9 pour nous pencher sur l\u2019apport de ce quotidien \u00e0 la communaut\u00e9 de ses lecteurs, au-del\u00e0 m\u00eame de la sph\u00e8re de l\u2019\u00e9conomie.<br \/>Il a install\u00e9 une dialectique permanente o\u00f9 le journal est \u00e0 la fois le reflet des opinions de cette communaut\u00e9 mais aussi un vecteur d\u2019influence, par la qualit\u00e9 de ses informations et l\u2019ind\u00e9pendance de ses journalistes.\u00a0 De l\u00e0, une proximit\u00e9 r\u00e9elle entre le journal et les lecteurs ainsi qu&rsquo;un positionnement du titre comme r\u00e9f\u00e9rence cr\u00e9dible. Le lecteur se retrouve dans les articles, compl\u00e8te et renforce sa compr\u00e9hension de la marche marocaine des choses sur le court et long terme.<br \/>Je me rappelle du passage de l\u2019hebdomadaire au quotidien et des risques pris par les fondateurs \u00e0 cette occasion. Aujourd\u2019hui, personne n\u2019imaginerait plus le titre autrement que comme notre rendez-vous quotidien avec la r\u00e9alit\u00e9 marocaine d\u00e9crite par quelqu\u2019un qui nous ressemble.<\/p>\n<p><strong><span class=\"c4\">Moulay Hafid Elalamy, ministre de l&rsquo;Industrie et du Commerce<\/span><\/strong><\/p>\n<div class=\"dnd-atom-wrapper type-image context-sdl_editor_representation atom-align-right\" contenteditable=\"false\">\n<div class=\"dnd-drop-wrapper image\"><img loading=\"lazy\" decoding=\"async\" typeof=\"foaf:Image\" class=\"img-responsive\" src=\"https:\/\/www.leconomiste.com\/sites\/default\/files\/eco7\/public\/thumbnails\/image\/moulay-hafid-elalamy-00.jpg\" width=\"233\" height=\"198\" alt=\"moulay-hafid-elalamy-00.jpg\" title=\"moulay-hafid-elalamy-00.jpg\"\/><\/div>\n<\/div>\n<p class=\"rtejustify\">Je fais partie des t\u00e9moins qui ont pu assister \u00e0 la d\u00e9monstration faite par L\u2019Economiste du fameux dicton: \u00abOn ne change pas une \u00e9quipe qui gagne\u00a0\u00bb. Tout au long de son parcours, L&rsquo;Economiste s\u2019est d\u00e9marqu\u00e9 par sa pertinence, sa cr\u00e9dibilit\u00e9 et son originalit\u00e9.<br \/>Premier quotidien marocain \u00e0 se sp\u00e9cialiser dans le traitement de l\u2019information \u00e9conomique et financi\u00e8re, L\u2019Economiste a contribu\u00e9 \u00e0 vulgariser un contenu scientifique et technique en le rendant accessible au grand public. Gr\u00e2ce \u00e0 ses analyses, ses enqu\u00eates et ses dossiers sp\u00e9ciaux, il s\u2019est impos\u00e9 en relais d&rsquo;information cr\u00e9dible au service de l\u2019\u00e9conomie marocaine.<br \/>Fort de son exp\u00e9rience, L\u2019Economiste est incontestablement l\u2019un des fleurons de la presse nationale. C\u2019est aussi une \u00e9cole de r\u00e9f\u00e9rence pour les g\u00e9n\u00e9rations de journalistes qui suivent des formations de qualit\u00e9 \u00e0 l&rsquo;Ecole sup\u00e9rieure de Journalisme et de Communication de Casablanca.<br \/>Aujourd\u2019hui, L\u2019Economiste f\u00eate la publication de son 6.000e num\u00e9ro. A cette occasion, je tiens \u00e0 f\u00e9liciter les managers, l\u2019\u00e9quipe des journalistes et des techniciens qui ont tous contribu\u00e9 \u00e0 construire ce beau projet.<br \/>Un grand bravo aussi \u00e0 tous les actionnaires qui ont fait confiance aux porteurs de cette r\u00e9ussite.<\/p>\n<p><strong><span class=\"c4\">Abdellatif Zaghnoun, directeur g\u00e9n\u00e9ral de la CDG<\/span><\/strong><\/p>\n<div class=\"dnd-atom-wrapper type-image context-sdl_editor_representation atom-align-right\" contenteditable=\"false\">\n<div class=\"dnd-drop-wrapper image\"><img loading=\"lazy\" decoding=\"async\" typeof=\"foaf:Image\" class=\"img-responsive\" src=\"https:\/\/www.leconomiste.com\/sites\/default\/files\/eco7\/public\/thumbnails\/image\/abdellatif-zaghnoun-00.jpg\" width=\"193\" height=\"227\" alt=\"abdellatif-zaghnoun-00.jpg\" title=\"abdellatif-zaghnoun-00.jpg\"\/><\/div>\n<\/div>\n<p class=\"rtejustify\">Si le journal L\u2019Economiste s\u2019est rapidement positionn\u00e9, d\u00e8s sa cr\u00e9ation en 1991, comme l\u2019un des supports de presse marocains de r\u00e9f\u00e9rence, c\u2019est ind\u00e9niablement gr\u00e2ce au professionnalisme reconnu de ses \u00e9quipes, \u00e0 leur rigueur d\u2019analyse et \u00e0 leur objectivit\u00e9 qui ne s\u2019est jamais d\u00e9mentie.<br \/>En pr\u00e8s de 30 ans d\u2019existence, L\u2019Economiste a su s\u2019\u00e9riger en v\u00e9ritable t\u00e9moin de son temps, avec un accompagnement journalistique essentiel des grandes \u00e9volutions du pays, qu\u2019elles soient \u00e9conomiques, politiques, sociales ou culturelles.<br \/>L\u2019engagement sans faille du journal et sa pr\u00e9cieuse valeur ajout\u00e9e se refl\u00e8tent \u00e9galement \u00e0 travers les nombreuses initiatives lanc\u00e9es par le journal, que ce soit le prix de la recherche en \u00e9conomie et gestion, le Round casablancais du Forum de Paris, la contribution au d\u00e9veloppement du secteur de la presse avec notamment l\u2019Ecole Sup\u00e9rieure de Journalisme et de Communication ou encore la dimension africaine du support \u00e0 travers L\u2019Economiste du Faso cr\u00e9\u00e9 en 2013.<br \/>En tant que fid\u00e8le lecteur des premi\u00e8res heures, c\u2019est avec une \u00e9motion particuli\u00e8re que je salue ce 6.000e num\u00e9ro de L\u2019Economiste et que je f\u00e9licite toutes les \u00e9quipes du journal et celles du Groupe Eco-M\u00e9dias dans son ensemble. Le meilleur reste assur\u00e9ment \u00e0 venir!<\/p>\n<p class=\"rtejustify\"><strong><span class=\"c4\">Hamid Bouchikhi, doyen de SolBridge International School of Business (Cor\u00e9e du Sud)<\/span><\/strong><\/p>\n<div class=\"dnd-atom-wrapper type-image context-sdl_editor_representation atom-align-right\" contenteditable=\"false\">\n<div class=\"dnd-drop-wrapper image\"><img loading=\"lazy\" decoding=\"async\" typeof=\"foaf:Image\" class=\"img-responsive\" src=\"https:\/\/www.leconomiste.com\/sites\/default\/files\/eco7\/public\/thumbnails\/image\/hamid-bouchikhi-00.jpg\" width=\"283\" height=\"203\" alt=\"hamid-bouchikhi-00.jpg\" title=\"hamid-bouchikhi-00.jpg\"\/><\/div>\n<\/div>\n<p class=\"rtejustify\">Partout dans le monde, le champ m\u00e9diatique est constitu\u00e9 de beaucoup de journaux et de tr\u00e8s peu d&rsquo;institutions. L\u2019Economiste en est une. Je ne suis pas s\u00fbr de savoir, tout \u00e0 fait, comment une entreprise devient une institution. En revanche, je peux affirmer que cette transfiguration n\u2019est jamais le fruit du hasard. Les journaux devenus des institutions sont lanc\u00e9s et anim\u00e9s par des professionnels de l\u2019information visionnaires. Ils acqui\u00e8rent une identit\u00e9 distinctive dans leur cat\u00e9gorie gr\u00e2ce, notamment, \u00e0 une ligne \u00e9ditoriale claire et coh\u00e9rente dans le temps. Et ils investissent dans la constitution de r\u00e9dactions capables de produire une information de qualit\u00e9. Ayant grandi avec le journal en tant que lecteur et contributeur, j\u2019ai pu voir comment L\u2019Economiste a acquis les caract\u00e9ristiques pr\u00e9cit\u00e9es et comment il est devenu une institution centrale dans le paysage m\u00e9diatique marocain. Ce statut sp\u00e9cial cr\u00e9e pour le journal, et ses acteurs, des obligations qui vont au-del\u00e0 de la mission premi\u00e8re informationnelle. L\u2019Economiste doit aussi contribuer \u00e0 l\u2019approfondissement de la d\u00e9mocratie dans notre pays et encourager le d\u00e9bat public. Auteur de plusieurs tribunes dans le journal, je t\u00e9moigne que mes textes n\u2019ont jamais subi de censure ou de r\u00e9\u00e9criture, comme cela peut se produire ailleurs. Je remercie et f\u00e9licite les responsables d\u2019ouvrir les colonnes de L\u2019Economiste \u00e0 des voix tr\u00e8s diverses et souhaite longue vie \u00e0 cette belle institution qui fait enti\u00e8rement partie du capital immat\u00e9riel national.<\/p>\n<p class=\"rtejustify\">\u00a0<\/p>\n<p>Auteur: leco_web_admin<br \/>\n<a href=\"https:\/\/www.leconomiste.com\/flash-infos\/de-grands-lecteurs-temoignent\">Cliquez ici pour lire l&rsquo;article depuis sa source.<\/a><\/p>\n","protected":false},"excerpt":{"rendered":"<p>A l&rsquo;occasion du 6.000e num\u00e9ro de L&rsquo;Economiste, de grands lecteurs ayant accompagn\u00e9\u00a0 l&rsquo;\u00e9volution du journal, livrent leurs t\u00e9moignages sur la contribution du quotidien \u00e9conomique au paysage m\u00e9diatique. Abdellatif Jouahri, wali de Bank Al Maghrib Je f\u00e9licite le management et les \u00e9quipes du journal L\u2019Economiste qui f\u00eate aujourd\u2019hui son 6000e num\u00e9ro. Etant un fid\u00e8le lecteur depuis [&hellip;]<\/p>\n","protected":false},"author":1763,"featured_media":0,"comment_status":"closed","ping_status":"closed","sticky":false,"template":"","format":"standard","meta":{"fifu_image_url":"https:\/\/www.leconomiste.com\/sites\/default\/files\/eco7\/public\/thumbnails\/image\/abdellatif-jouahri-00.jpg","fifu_image_alt":"De grands lecteurs t\u00e9moignent","footnotes":""},"categories":[78,54],"tags":[],"class_list":["post-115832","post","type-post","status-publish","format-standard","hentry","category-economie","category-maroc"],"_links":{"self":[{"href":"https:\/\/linitiative.ca\/International\/wp-json\/wp\/v2\/posts\/115832","targetHints":{"allow":["GET"]}}],"collection":[{"href":"https:\/\/linitiative.ca\/International\/wp-json\/wp\/v2\/posts"}],"about":[{"href":"https:\/\/linitiative.ca\/International\/wp-json\/wp\/v2\/types\/post"}],"author":[{"embeddable":true,"href":"https:\/\/linitiative.ca\/International\/wp-json\/wp\/v2\/users\/1763"}],"replies":[{"embeddable":true,"href":"https:\/\/linitiative.ca\/International\/wp-json\/wp\/v2\/comments?post=115832"}],"version-history":[{"count":0,"href":"https:\/\/linitiative.ca\/International\/wp-json\/wp\/v2\/posts\/115832\/revisions"}],"wp:attachment":[{"href":"https:\/\/linitiative.ca\/International\/wp-json\/wp\/v2\/media?parent=115832"}],"wp:term":[{"taxonomy":"category","embeddable":true,"href":"https:\/\/linitiative.ca\/International\/wp-json\/wp\/v2\/categories?post=115832"},{"taxonomy":"post_tag","embeddable":true,"href":"https:\/\/linitiative.ca\/International\/wp-json\/wp\/v2\/tags?post=115832"}],"curies":[{"name":"wp","href":"https:\/\/api.w.org\/{rel}","templated":true}]}}