{"id":115833,"date":"2021-04-29T11:30:13","date_gmt":"2021-04-29T15:30:13","guid":{"rendered":"https:\/\/linitiative.ca\/International\/al-omrane-43-milliards-de-dh-dinvestissements-prevus-cette-annee\/"},"modified":"2021-04-29T11:30:13","modified_gmt":"2021-04-29T15:30:13","slug":"al-omrane-43-milliards-de-dh-dinvestissements-prevus-cette-annee","status":"publish","type":"post","link":"https:\/\/linitiative.ca\/International\/al-omrane-43-milliards-de-dh-dinvestissements-prevus-cette-annee\/","title":{"rendered":"Al Omrane: 4,3 milliards de DH d\u2019investissements pr\u00e9vus cette ann\u00e9e"},"content":{"rendered":"<p class=\"rtejustify\">Le Groupe Al Omrane pr\u00e9voit, cette ann\u00e9e, de nouveaux investissements de pr\u00e8s de 4,3 milliards de DH, un montant qui permettra de maintenir le m\u00eame rythme d&rsquo;investissement \u00ab en d\u00e9pit des circonstances exceptionnelles \u00bb.<\/p>\n<p class=\"rtejustify\">Le Groupe s\u2019attend ainsi \u00e0 r\u00e9aliser un chiffre d&rsquo;affaires de pr\u00e8s de 4,1 milliards de DH, \u00e0 la fin de l&rsquo;ann\u00e9e en cours, selon les chiffres pr\u00e9sent\u00e9s mercredi lors de la tenue du Conseil de surveillance pr\u00e9sid\u00e9 par Saad-Eddine El Othmani. Les membres du Conseil ont pr\u00e9sent\u00e9 les grandes lignes du plan d\u2019action du Groupe au titre de 2021, le plan d\u2019action 2021-2023, ainsi que les composantes du budget de 2021. Apr\u00e8s un d\u00e9bat approfondi, le Conseil a approuv\u00e9 le budget pour l&rsquo;ann\u00e9e en cours et son plan d\u2019action pluriannuel (2021-2023).<\/p>\n<p class=\"rtejustify\">Sur un autre volet, le chef du gouvernement a mis en avant la proposition de fusionner les filiales des nouvelles villes au sein des soci\u00e9t\u00e9s r\u00e9gionales du Groupe Al Omrane situ\u00e9es dans leur p\u00e9rim\u00e8tre g\u00e9ographique, et ce conform\u00e9ment aux orientations royales relatives \u00e0 la r\u00e9forme du secteur des Etablissements et entreprises publics (EEP) afin d&rsquo;augmenter leur rentabilit\u00e9.<\/p>\n<p class=\"rtejustify\">\u00a0<\/p>\n<p>Auteur: mbasraoui<br \/>\n<a href=\"https:\/\/www.leconomiste.com\/flash-infos\/al-omrane-4-3-milliards-de-dh-d-investissements-prevus-cette-annee\">Cliquez ici pour lire l&rsquo;article depuis sa source.<\/a><\/p>\n","protected":false},"excerpt":{"rendered":"<p>Le Groupe Al Omrane pr\u00e9voit, cette ann\u00e9e, de nouveaux investissements de pr\u00e8s de 4,3 milliards de DH, un montant qui permettra de maintenir le m\u00eame rythme d&rsquo;investissement \u00ab en d\u00e9pit des circonstances exceptionnelles \u00bb. Le Groupe s\u2019attend ainsi \u00e0 r\u00e9aliser un chiffre d&rsquo;affaires de pr\u00e8s de 4,1 milliards de DH, \u00e0 la fin de l&rsquo;ann\u00e9e [&hellip;]<\/p>\n","protected":false},"author":1763,"featured_media":0,"comment_status":"closed","ping_status":"closed","sticky":false,"template":"","format":"standard","meta":{"fifu_image_url":"","fifu_image_alt":"","footnotes":""},"categories":[78,54],"tags":[],"class_list":["post-115833","post","type-post","status-publish","format-standard","hentry","category-economie","category-maroc"],"_links":{"self":[{"href":"https:\/\/linitiative.ca\/International\/wp-json\/wp\/v2\/posts\/115833","targetHints":{"allow":["GET"]}}],"collection":[{"href":"https:\/\/linitiative.ca\/International\/wp-json\/wp\/v2\/posts"}],"about":[{"href":"https:\/\/linitiative.ca\/International\/wp-json\/wp\/v2\/types\/post"}],"author":[{"embeddable":true,"href":"https:\/\/linitiative.ca\/International\/wp-json\/wp\/v2\/users\/1763"}],"replies":[{"embeddable":true,"href":"https:\/\/linitiative.ca\/International\/wp-json\/wp\/v2\/comments?post=115833"}],"version-history":[{"count":0,"href":"https:\/\/linitiative.ca\/International\/wp-json\/wp\/v2\/posts\/115833\/revisions"}],"wp:attachment":[{"href":"https:\/\/linitiative.ca\/International\/wp-json\/wp\/v2\/media?parent=115833"}],"wp:term":[{"taxonomy":"category","embeddable":true,"href":"https:\/\/linitiative.ca\/International\/wp-json\/wp\/v2\/categories?post=115833"},{"taxonomy":"post_tag","embeddable":true,"href":"https:\/\/linitiative.ca\/International\/wp-json\/wp\/v2\/tags?post=115833"}],"curies":[{"name":"wp","href":"https:\/\/api.w.org\/{rel}","templated":true}]}}