{"id":115834,"date":"2021-04-29T12:25:42","date_gmt":"2021-04-29T16:25:42","guid":{"rendered":"https:\/\/linitiative.ca\/International\/vaccination-covid-19-pres-de-5-millions-de-personnes-ont-recu-leur-premiere-dose\/"},"modified":"2021-04-29T12:25:42","modified_gmt":"2021-04-29T16:25:42","slug":"vaccination-covid-19-pres-de-5-millions-de-personnes-ont-recu-leur-premiere-dose","status":"publish","type":"post","link":"https:\/\/linitiative.ca\/International\/vaccination-covid-19-pres-de-5-millions-de-personnes-ont-recu-leur-premiere-dose\/","title":{"rendered":"Vaccination Covid-19: Pr\u00e8s de 5 millions de personnes ont re\u00e7u leur premi\u00e8re dose"},"content":{"rendered":"<p class=\"rtejustify\">Un total de 421 nouveaux cas d&rsquo;infection au coronavirus et de 522 gu\u00e9risons a \u00e9t\u00e9 enregistr\u00e9 au Maroc au cours des derni\u00e8res 24 heures, a annonc\u00e9 jeudi le minist\u00e8re de la Sant\u00e9, relevant que pr\u00e8s de 5 millions de personnes ont re\u00e7u leur premi\u00e8re dose de vaccin.<\/p>\n<p class=\"rtejustify\">Le nombre des personnes vaccin\u00e9es \u00e0 ce jour (dose 1) a atteint 4.985.094, pr\u00e9cise le minist\u00e8re dans son bulletin quotidien sur la situation de la Covid-19, relevant que les personnes qui ont \u00e9t\u00e9 compl\u00e8tement vaccin\u00e9es (1ere et 2\u00e8me doses) sont au nombre de 4.254.879. Ce nouveau bilan porte \u00e0 510.886 le nombre total des contaminations depuis le premier cas signal\u00e9 en mars 2020, tandis que le nombre des personnes r\u00e9tablies est pass\u00e9 \u00e0 497.105, soit un taux de gu\u00e9rison de 97,3 %, pr\u00e9cise le minist\u00e8re<\/p>\n<p class=\"rtejustify\">. Quant au nombre total des d\u00e9c\u00e8s, il est pass\u00e9 \u00e0 9.020 avec 05 nouveaux cas recens\u00e9s en 24 heures, soit un taux de l\u00e9talit\u00e9 de 1,8%. Ces d\u00e9c\u00e8s ont \u00e9t\u00e9 recens\u00e9s dans les r\u00e9gions de Casablanca-Settat (2), Rabat-Sal\u00e9-K\u00e9nitra (1), La\u00e2youne-Sakia El Hamra (1) et Guelmim-Oued Noun (01). Les nouvelles contaminations ont \u00e9t\u00e9 enregistr\u00e9es dans les r\u00e9gions de Casablanca-Settat (284), Rabat-Sal\u00e9-K\u00e9nitra (35), Marrakech-Safi (25), Souss-Massa (20), La\u00e2youne-Sakia El Hamra (15), Tanger-T\u00e9touan-Al Hoceima (13), l&rsquo;Oriental (12), Dakhla-Oued Eddahab (7), Daraa-Tafilalet (05), B\u00e9ni Mellal-Kh\u00e9nifra (03), et Guelmim-Oued Noun (2). Le nombre des cas actifs s&rsquo;\u00e9l\u00e8ve \u00e0 4.761, tandis que les cas s\u00e9v\u00e8res ou critiques sont au nombre de 343, dont 13 plac\u00e9s sous intubation.<\/p>\n<p class=\"rtejustify\">\u00a0<\/p>\n<p>Auteur: mbasraoui<br \/>\n<a href=\"https:\/\/www.leconomiste.com\/flash-infos\/covid-19-pres-de-5-millions-de-personnes-ont-recu-leur-premiere-dose-de-vaccin\">Cliquez ici pour lire l&rsquo;article depuis sa source.<\/a><\/p>\n","protected":false},"excerpt":{"rendered":"<p>Un total de 421 nouveaux cas d&rsquo;infection au coronavirus et de 522 gu\u00e9risons a \u00e9t\u00e9 enregistr\u00e9 au Maroc au cours des derni\u00e8res 24 heures, a annonc\u00e9 jeudi le minist\u00e8re de la Sant\u00e9, relevant que pr\u00e8s de 5 millions de personnes ont re\u00e7u leur premi\u00e8re dose de vaccin. Le nombre des personnes vaccin\u00e9es \u00e0 ce jour [&hellip;]<\/p>\n","protected":false},"author":1763,"featured_media":0,"comment_status":"closed","ping_status":"closed","sticky":false,"template":"","format":"standard","meta":{"fifu_image_url":"","fifu_image_alt":"","footnotes":""},"categories":[78,54],"tags":[],"class_list":["post-115834","post","type-post","status-publish","format-standard","hentry","category-economie","category-maroc"],"_links":{"self":[{"href":"https:\/\/linitiative.ca\/International\/wp-json\/wp\/v2\/posts\/115834","targetHints":{"allow":["GET"]}}],"collection":[{"href":"https:\/\/linitiative.ca\/International\/wp-json\/wp\/v2\/posts"}],"about":[{"href":"https:\/\/linitiative.ca\/International\/wp-json\/wp\/v2\/types\/post"}],"author":[{"embeddable":true,"href":"https:\/\/linitiative.ca\/International\/wp-json\/wp\/v2\/users\/1763"}],"replies":[{"embeddable":true,"href":"https:\/\/linitiative.ca\/International\/wp-json\/wp\/v2\/comments?post=115834"}],"version-history":[{"count":0,"href":"https:\/\/linitiative.ca\/International\/wp-json\/wp\/v2\/posts\/115834\/revisions"}],"wp:attachment":[{"href":"https:\/\/linitiative.ca\/International\/wp-json\/wp\/v2\/media?parent=115834"}],"wp:term":[{"taxonomy":"category","embeddable":true,"href":"https:\/\/linitiative.ca\/International\/wp-json\/wp\/v2\/categories?post=115834"},{"taxonomy":"post_tag","embeddable":true,"href":"https:\/\/linitiative.ca\/International\/wp-json\/wp\/v2\/tags?post=115834"}],"curies":[{"name":"wp","href":"https:\/\/api.w.org\/{rel}","templated":true}]}}