{"id":115836,"date":"2021-04-29T15:14:06","date_gmt":"2021-04-29T19:14:06","guid":{"rendered":"https:\/\/linitiative.ca\/International\/equipe-dalgerie-le-nouveau-president-de-la-faf-charaf-eddine-amara-a-rencontre-djamel-belmadi-a-doha\/"},"modified":"2021-04-29T15:14:06","modified_gmt":"2021-04-29T19:14:06","slug":"equipe-dalgerie-le-nouveau-president-de-la-faf-charaf-eddine-amara-a-rencontre-djamel-belmadi-a-doha","status":"publish","type":"post","link":"https:\/\/linitiative.ca\/International\/equipe-dalgerie-le-nouveau-president-de-la-faf-charaf-eddine-amara-a-rencontre-djamel-belmadi-a-doha\/","title":{"rendered":"Equipe d&rsquo;Alg\u00e9rie : Le nouveau pr\u00e9sident de la FAF Charaf-Eddine Amara a rencontr\u00e9 Djamel Belmadi \u00e0 Doha"},"content":{"rendered":"<div readability=\"32\">\n<p>Auteur : <span class=\"time\">jeudi 29 avril 2021 11:11<\/span><\/p>\n<\/div>\n<div id=\"post_core\" readability=\"37\">\n<p>La rencontre entre les deux hommes s&rsquo;est d\u00e9roul\u00e9e ce mercredi 28 avril \u00e0 l\u2019h\u00f4tel Ritz Carlton de Doha comme le r\u00e9v\u00e8le le site officiel de la FAF. Il s&rsquo;agissait pour le pr\u00e9sident et le s\u00e9lectionneur de : <em>\u00ab\u00a0faire un large tour d\u2019horizons sur les objectifs de la F\u00e9d\u00e9ration et de l\u2019\u00e9quipe nationale A, comme de faire le point sur plusieurs sujets d\u2019actualit\u00e9, notamment la pr\u00e9paration des deux prochains matchs des \u00e9liminatoires de la Coupe du Monde Qatar 2022 pr\u00e9vus d\u00e9but juin face \u00e0 Djibouti et au Burkina Faso.\u00a0\u00bb<\/em><\/p>\n<p><strong>Publi\u00e9 dans :<\/strong> <span>faf<\/span><\/p>\n<\/div>\n<p>Auteur:<br \/>\n<a href=\"http:\/\/www.lebuteur.com\/article\/detail?titre=le-nouveau-president-de-la-faf-charaf-eddine-amara-a-rencontre-djamel-belmadi-a-doha&#038;id=99886&#038;utm_source=feedburner&#038;utm_medium=feed&#038;utm_campaign=Feed%3A+GalerieFArtciles+%28Les+derniers+articles++-+lebuteur.com%29\">Cliquez ici pour lire l&rsquo;article depuis sa source.<\/a><\/p>\n","protected":false},"excerpt":{"rendered":"<p>Auteur : jeudi 29 avril 2021 11:11 La rencontre entre les deux hommes s&rsquo;est d\u00e9roul\u00e9e ce mercredi 28 avril \u00e0 l\u2019h\u00f4tel Ritz Carlton de Doha comme le r\u00e9v\u00e8le le site officiel de la FAF. Il s&rsquo;agissait pour le pr\u00e9sident et le s\u00e9lectionneur de : \u00ab\u00a0faire un large tour d\u2019horizons sur les objectifs de la F\u00e9d\u00e9ration [&hellip;]<\/p>\n","protected":false},"author":1738,"featured_media":0,"comment_status":"closed","ping_status":"closed","sticky":false,"template":"","format":"standard","meta":{"fifu_image_url":"\/\/cdn.lebuteur.com\/data\/images\/article\/thumbs\/large-le-nouveau-president-de-la-faf-charaf-eddine-amara-a-rencontre-djamel-belmadi-a-doha-278bf.jpg","fifu_image_alt":"Equipe d'Alg\u00e9rie : Le nouveau pr\u00e9sident de la FAF Charaf-Eddine Amara a rencontr\u00e9 Djamel Belmadi \u00e0 Doha","footnotes":""},"categories":[53,75],"tags":[],"class_list":["post-115836","post","type-post","status-publish","format-standard","hentry","category-algerie","category-sport"],"_links":{"self":[{"href":"https:\/\/linitiative.ca\/International\/wp-json\/wp\/v2\/posts\/115836","targetHints":{"allow":["GET"]}}],"collection":[{"href":"https:\/\/linitiative.ca\/International\/wp-json\/wp\/v2\/posts"}],"about":[{"href":"https:\/\/linitiative.ca\/International\/wp-json\/wp\/v2\/types\/post"}],"author":[{"embeddable":true,"href":"https:\/\/linitiative.ca\/International\/wp-json\/wp\/v2\/users\/1738"}],"replies":[{"embeddable":true,"href":"https:\/\/linitiative.ca\/International\/wp-json\/wp\/v2\/comments?post=115836"}],"version-history":[{"count":0,"href":"https:\/\/linitiative.ca\/International\/wp-json\/wp\/v2\/posts\/115836\/revisions"}],"wp:attachment":[{"href":"https:\/\/linitiative.ca\/International\/wp-json\/wp\/v2\/media?parent=115836"}],"wp:term":[{"taxonomy":"category","embeddable":true,"href":"https:\/\/linitiative.ca\/International\/wp-json\/wp\/v2\/categories?post=115836"},{"taxonomy":"post_tag","embeddable":true,"href":"https:\/\/linitiative.ca\/International\/wp-json\/wp\/v2\/tags?post=115836"}],"curies":[{"name":"wp","href":"https:\/\/api.w.org\/{rel}","templated":true}]}}