{"id":115837,"date":"2021-04-29T15:14:10","date_gmt":"2021-04-29T19:14:10","guid":{"rendered":"https:\/\/linitiative.ca\/International\/pros-un-ex-international-algerien-implique-dans-une-sombre-affaire\/"},"modified":"2021-04-29T15:14:10","modified_gmt":"2021-04-29T19:14:10","slug":"pros-un-ex-international-algerien-implique-dans-une-sombre-affaire","status":"publish","type":"post","link":"https:\/\/linitiative.ca\/International\/pros-un-ex-international-algerien-implique-dans-une-sombre-affaire\/","title":{"rendered":"Pros : Un ex-international alg\u00e9rien impliqu\u00e9 dans une sombre affaire ?"},"content":{"rendered":"<div readability=\"32\">\n<p>Auteur : <span class=\"time\">jeudi 29 avril 2021 14:04<\/span><\/p>\n<\/div>\n<div id=\"post_core\" readability=\"76\">\n<p>Selon les informations de l\u2019Equipe, l&rsquo;ancien international alg\u00e9rien a \u00e9t\u00e9 mis en examen pour recel de blanchiment de trafic de drogue. Une mise en examen qui survient quelques mois apr\u00e8s l\u2019arrestation d\u2019un trafiquant pr\u00e9sum\u00e9, dit le \u00ab\u00a0Chinois\u00a0\u00bb survenue \u00e0 Lorient en juin 2020. \u00ab\u00a0Le Chinois\u00a0\u00bb \u00e9tait connu pour son go\u00fbt des voitures de luxe et de la flambe comme l&rsquo;indique Ouest-France.<\/p>\n<p>Les deux hommes, passionn\u00e9s de puissantes m\u00e9caniques, se seraient en effet rencontr\u00e9s autour de l\u2019achat d\u2019un v\u00e9hicule tout-terrain. Fan de voitures de luxe, l\u2019ex footballeur lorientais est soup\u00e7onn\u00e9 d\u2019avoir acquis une Lamborghini, une Audi RS6, ainsi que deux autres grosses cylindr\u00e9es et de les avoir \u00e9chang\u00e9es avec le trafiquant pr\u00e9sum\u00e9, contre d\u2019autres voitures et des sommes d\u2019argent.<\/p>\n<p>Lors de l\u2019interpellation du Chinois en juin 2020, les enqu\u00eateurs de la police judiciaire avaient saisi pr\u00e8s d\u2019un million d\u2019euros d\u2019avoirs, dont plusieurs voitures de luxe, une moto, un buggy, plus de 175 000 \u20ac en liquide et trois kilos de coca\u00efne.<\/p>\n<p>Walid Mesloub a \u00e9t\u00e9 entendu en septembre 2020 \u00e0 Lorient. Lors d\u2019une br\u00e8ve garde \u00e0 vue, le sportif aurait justifi\u00e9 l\u2019achat, par ses propres moyens, de ces diff\u00e9rents v\u00e9hicules. Qu\u2019il aurait ensuite revendu au Chinois, sans faire le moindre b\u00e9n\u00e9fice. Un Chinois \u00e9galement soup\u00e7onn\u00e9 d\u2019avoir utilis\u00e9 l\u2019un des comptes bancaires du joueur et d\u2019avoir immatricul\u00e9 des v\u00e9hicules au nom de Walid Mesloub et ce, \u00e0 son insu.<\/p>\n<p>L\u2019avocat de Walid Mesloub, Ma\u00eetre L\u00e9on Lef-Foster, indique ce jeudi qu\u2019il \u00ab\u00a0conteste ces faits et consid\u00e8re qu\u2019il y a l\u00e0 une atteinte incontestable \u00e0 la pr\u00e9somption d\u2019innocence de son client. Je constate, indique encore l\u2019avocat, qu\u2019il y a l\u00e0 manifestement violation du secret de l\u2019instruction. Nous nous r\u00e9servons le droit de d\u00e9poser plainte. Walid Mesloub n\u2019est aujourd\u2019hui soumis \u00e0 aucune mesure de contr\u00f4le judiciaire\u00a0\u00bb.<\/p>\n<p><strong>Publi\u00e9 dans :<\/strong> <span>Mesloub<\/span><\/p>\n<\/div>\n<p>Auteur:<br \/>\n<a href=\"http:\/\/www.lebuteur.com\/article\/detail?titre=un-ex-international-algerien-implique-dans-une-sombre-affaire&#038;id=99887&#038;utm_source=feedburner&#038;utm_medium=feed&#038;utm_campaign=Feed%3A+GalerieFArtciles+%28Les+derniers+articles++-+lebuteur.com%29\">Cliquez ici pour lire l&rsquo;article depuis sa source.<\/a><\/p>\n","protected":false},"excerpt":{"rendered":"<p>Auteur : jeudi 29 avril 2021 14:04 Selon les informations de l\u2019Equipe, l&rsquo;ancien international alg\u00e9rien a \u00e9t\u00e9 mis en examen pour recel de blanchiment de trafic de drogue. Une mise en examen qui survient quelques mois apr\u00e8s l\u2019arrestation d\u2019un trafiquant pr\u00e9sum\u00e9, dit le \u00ab\u00a0Chinois\u00a0\u00bb survenue \u00e0 Lorient en juin 2020. \u00ab\u00a0Le Chinois\u00a0\u00bb \u00e9tait connu pour [&hellip;]<\/p>\n","protected":false},"author":1738,"featured_media":0,"comment_status":"closed","ping_status":"closed","sticky":false,"template":"","format":"standard","meta":{"fifu_image_url":"\/\/cdn.lebuteur.com\/data\/images\/article\/thumbs\/large-un-ex-international-algerien-implique-dans-une-sombre-affaire-0dd25.jpg","fifu_image_alt":"Pros : Un ex-international alg\u00e9rien impliqu\u00e9 dans une sombre affaire ?","footnotes":""},"categories":[53,75],"tags":[],"class_list":["post-115837","post","type-post","status-publish","format-standard","hentry","category-algerie","category-sport"],"_links":{"self":[{"href":"https:\/\/linitiative.ca\/International\/wp-json\/wp\/v2\/posts\/115837","targetHints":{"allow":["GET"]}}],"collection":[{"href":"https:\/\/linitiative.ca\/International\/wp-json\/wp\/v2\/posts"}],"about":[{"href":"https:\/\/linitiative.ca\/International\/wp-json\/wp\/v2\/types\/post"}],"author":[{"embeddable":true,"href":"https:\/\/linitiative.ca\/International\/wp-json\/wp\/v2\/users\/1738"}],"replies":[{"embeddable":true,"href":"https:\/\/linitiative.ca\/International\/wp-json\/wp\/v2\/comments?post=115837"}],"version-history":[{"count":0,"href":"https:\/\/linitiative.ca\/International\/wp-json\/wp\/v2\/posts\/115837\/revisions"}],"wp:attachment":[{"href":"https:\/\/linitiative.ca\/International\/wp-json\/wp\/v2\/media?parent=115837"}],"wp:term":[{"taxonomy":"category","embeddable":true,"href":"https:\/\/linitiative.ca\/International\/wp-json\/wp\/v2\/categories?post=115837"},{"taxonomy":"post_tag","embeddable":true,"href":"https:\/\/linitiative.ca\/International\/wp-json\/wp\/v2\/tags?post=115837"}],"curies":[{"name":"wp","href":"https:\/\/api.w.org\/{rel}","templated":true}]}}