{"id":115838,"date":"2021-04-29T15:14:14","date_gmt":"2021-04-29T19:14:14","guid":{"rendered":"https:\/\/linitiative.ca\/International\/pros-van-gaal-a-trouve-ca-etrange-de-navoir-pas-pu-recruter-mahrez-a-man-united\/"},"modified":"2021-04-29T15:14:14","modified_gmt":"2021-04-29T19:14:14","slug":"pros-van-gaal-a-trouve-ca-etrange-de-navoir-pas-pu-recruter-mahrez-a-man-united","status":"publish","type":"post","link":"https:\/\/linitiative.ca\/International\/pros-van-gaal-a-trouve-ca-etrange-de-navoir-pas-pu-recruter-mahrez-a-man-united\/","title":{"rendered":"Pros : Van Gaal a trouv\u00e9 \u00e7a \u00e9trange de n&rsquo;avoir pas pu recruter Mahrez \u00e0 Man United"},"content":{"rendered":"<div readability=\"32\">\n<p>Auteur : <span class=\"time\">jeudi 29 avril 2021 14:21<\/span><\/p>\n<\/div>\n<div id=\"post_core\" readability=\"60\">\n<p>A l&rsquo;occasion d&rsquo;un entretien accord\u00e9 au magazine britannique FourFourTwo, le coach n\u00e9erlandais Luis van Gaal a reconnu que Riyad Mahrez fait partie des joueurs qu\u2019il a convoit\u00e9s mais sans r\u00e9ussir \u00e0 attirer \u00e0 Old Trafford. Et il regrette au vu de la dimension qu\u2019a prise l&rsquo;international alg\u00e9rien \u00e0 partir de 2016.<\/p>\n<p>\u00ab\u00a0Je voulais Robert Lewandowski, mais quand cela s&rsquo;est av\u00e9r\u00e9 difficile, j&rsquo;ai essay\u00e9 d&rsquo;avoir\u00a0Gonzalo Higuain \u00e0 la place , a commenc\u00e9 par r\u00e9v\u00e9ler le technicien hollandais.\u00a0 Avant mon arriv\u00e9e, j&rsquo;ai \u00e9galement parl\u00e9 avec le conseil d&rsquo;administration de Neymar. Si vous \u00eates \u00e0 United, vous devez voir grand. Il \u00e9tait aussi int\u00e9ressant pour le club en termes de vente de\u00a0 maillots et je voulais avoir des ailiers rapides. Pour cela, j&rsquo;ai donc aussi essay\u00e9 d&rsquo;enr\u00f4ler Sadio Mane et Riyad Mahrez.\u00a0\u00bb<\/p>\n<p>\u00ab\u00a0C&rsquo;\u00e9taient mes principaux objectifs, mais nous n&rsquo;avons pu en obtenir aucun , a poursuivi Van Gaal. Je ne sais pas pourquoi, car en tant qu&rsquo;entra\u00eeneur, je n&rsquo;ai particip\u00e9 \u00e0 aucune n\u00e9gociation. Apr\u00e8s mon d\u00e9part, des joueurs comme Mahrez et Kant\u00e9 se sont retrouv\u00e9s \u00e0 Manchester\u00a0City et Chelsea, alors que United ne pouvait pas les avoir. J&rsquo;ai trouv\u00e9 \u00e7a tr\u00e8s \u00e9trange. \u00a0\u00bb Des propos relay\u00e9s par Goal.<\/p>\n<p><strong>Publi\u00e9 dans :<\/strong> <span>manchester united<\/span><\/p>\n<\/div>\n<p>Auteur:<br \/>\n<a href=\"http:\/\/www.lebuteur.com\/article\/detail?titre=van-gaal-a-trouve-ca-etrange-de-navoir-pas-pu-recruter-mahrez-a-man-united&#038;id=99888&#038;utm_source=feedburner&#038;utm_medium=feed&#038;utm_campaign=Feed%3A+GalerieFArtciles+%28Les+derniers+articles++-+lebuteur.com%29\">Cliquez ici pour lire l&rsquo;article depuis sa source.<\/a><\/p>\n","protected":false},"excerpt":{"rendered":"<p>Auteur : jeudi 29 avril 2021 14:21 A l&rsquo;occasion d&rsquo;un entretien accord\u00e9 au magazine britannique FourFourTwo, le coach n\u00e9erlandais Luis van Gaal a reconnu que Riyad Mahrez fait partie des joueurs qu\u2019il a convoit\u00e9s mais sans r\u00e9ussir \u00e0 attirer \u00e0 Old Trafford. Et il regrette au vu de la dimension qu\u2019a prise l&rsquo;international alg\u00e9rien \u00e0 [&hellip;]<\/p>\n","protected":false},"author":1738,"featured_media":0,"comment_status":"closed","ping_status":"closed","sticky":false,"template":"","format":"standard","meta":{"fifu_image_url":"\/\/cdn.lebuteur.com\/data\/images\/article\/thumbs\/large-van-gaal-a-trouve-ca-etrange-de-navoir-pas-pu-recruter-mahrez-a-man-united-73864.jpg","fifu_image_alt":"Pros : Van Gaal a trouv\u00e9 \u00e7a \u00e9trange de n'avoir pas pu recruter Mahrez \u00e0 Man United","footnotes":""},"categories":[53,75],"tags":[],"class_list":["post-115838","post","type-post","status-publish","format-standard","hentry","category-algerie","category-sport"],"_links":{"self":[{"href":"https:\/\/linitiative.ca\/International\/wp-json\/wp\/v2\/posts\/115838","targetHints":{"allow":["GET"]}}],"collection":[{"href":"https:\/\/linitiative.ca\/International\/wp-json\/wp\/v2\/posts"}],"about":[{"href":"https:\/\/linitiative.ca\/International\/wp-json\/wp\/v2\/types\/post"}],"author":[{"embeddable":true,"href":"https:\/\/linitiative.ca\/International\/wp-json\/wp\/v2\/users\/1738"}],"replies":[{"embeddable":true,"href":"https:\/\/linitiative.ca\/International\/wp-json\/wp\/v2\/comments?post=115838"}],"version-history":[{"count":0,"href":"https:\/\/linitiative.ca\/International\/wp-json\/wp\/v2\/posts\/115838\/revisions"}],"wp:attachment":[{"href":"https:\/\/linitiative.ca\/International\/wp-json\/wp\/v2\/media?parent=115838"}],"wp:term":[{"taxonomy":"category","embeddable":true,"href":"https:\/\/linitiative.ca\/International\/wp-json\/wp\/v2\/categories?post=115838"},{"taxonomy":"post_tag","embeddable":true,"href":"https:\/\/linitiative.ca\/International\/wp-json\/wp\/v2\/tags?post=115838"}],"curies":[{"name":"wp","href":"https:\/\/api.w.org\/{rel}","templated":true}]}}