{"id":115839,"date":"2021-04-29T15:14:18","date_gmt":"2021-04-29T19:14:18","guid":{"rendered":"https:\/\/linitiative.ca\/International\/afrique-coupe-de-la-caf-less-bat-ahly-benghazi-mais-se-fait-eliminer\/"},"modified":"2021-04-29T15:14:18","modified_gmt":"2021-04-29T19:14:18","slug":"afrique-coupe-de-la-caf-less-bat-ahly-benghazi-mais-se-fait-eliminer","status":"publish","type":"post","link":"https:\/\/linitiative.ca\/International\/afrique-coupe-de-la-caf-less-bat-ahly-benghazi-mais-se-fait-eliminer\/","title":{"rendered":"Afrique : Coupe de la CAF: l&rsquo;ESS bat Ahly Benghazi mais se fait \u00e9liminer"},"content":{"rendered":"<div readability=\"32\">\n<p>Auteur : <span>APS<\/span> <span class=\"time\">jeudi 29 avril 2021 18:55<\/span><\/p>\n<\/div>\n<div id=\"post_core\" readability=\"44\">\n<p>L\u2019ES S\u00e9tif a \u00e9t\u00e9 \u00e9limin\u00e9e de la Coupe de la Conf\u00e9d\u00e9ration africaine de football (CAF), en d\u00e9pit de la victoire d\u00e9croch\u00e9e mercredi soir au stade du 8-mai 1945 de S\u00e9tif face aux Libyens du Ahly Benghzi (1-0, mi-temps : 1-0), en match comptant pour la 6e et derni\u00e8re journ\u00e9e (Gr.A) de la phase de poules. Les S\u00e9tifiens n\u2019ont pas tard\u00e9 \u00e0 entrer dans le vif du sujet d\u00e8s la 2e minute de jeu. Suite \u00e0 un coup franc bott\u00e9 sur le c\u00f4t\u00e9 gauche par le capitaine Akram Djahnit, le joueur Ali Mera\u00ef d\u00e9vie la balle de la main et trompe son propre gardien de but. En seconde p\u00e9riode, les visiteurs ont essay\u00e9 de revenir au score, mais la d\u00e9fense de l\u2019Entente a bien veill\u00e9 au grain. Toutefois, l&rsquo;Entente n&rsquo;avait pas le destin entre les mains. Dans l\u2019autre match de cette poule, les Nig\u00e9rians d\u2019Enyimba FC ont d\u00fb attendre le temps additionnel (90e+5) pour arracher la victoire de la qualification, \u00e0 domicile face \u00e0 la formation sud-africaine d\u2019Orlando Pirates (1-0).<\/p>\n<p><strong>Publi\u00e9 dans :<\/strong> <span>ess<\/span><\/p>\n<\/div>\n<p>Auteur:<br \/>\n<a href=\"http:\/\/www.lebuteur.com\/article\/detail?titre=coupe-de-la-caf-less-bat-ahly-benghazi-mais-se-fait-eliminer&#038;id=99889&#038;utm_source=feedburner&#038;utm_medium=feed&#038;utm_campaign=Feed%3A+GalerieFArtciles+%28Les+derniers+articles++-+lebuteur.com%29\">Cliquez ici pour lire l&rsquo;article depuis sa source.<\/a><\/p>\n","protected":false},"excerpt":{"rendered":"<p>Auteur : APS jeudi 29 avril 2021 18:55 L\u2019ES S\u00e9tif a \u00e9t\u00e9 \u00e9limin\u00e9e de la Coupe de la Conf\u00e9d\u00e9ration africaine de football (CAF), en d\u00e9pit de la victoire d\u00e9croch\u00e9e mercredi soir au stade du 8-mai 1945 de S\u00e9tif face aux Libyens du Ahly Benghzi (1-0, mi-temps : 1-0), en match comptant pour la 6e et [&hellip;]<\/p>\n","protected":false},"author":1738,"featured_media":0,"comment_status":"closed","ping_status":"closed","sticky":false,"template":"","format":"standard","meta":{"fifu_image_url":"\/\/cdn.lebuteur.com\/data\/images\/article\/thumbs\/large-coupe-de-la-caf-less-bat-ahly-benghazi-mais-se-fait-eliminer-07f64.jpg","fifu_image_alt":"Afrique : Coupe de la CAF: l'ESS bat Ahly Benghazi mais se fait \u00e9liminer","footnotes":""},"categories":[53,75],"tags":[],"class_list":["post-115839","post","type-post","status-publish","format-standard","hentry","category-algerie","category-sport"],"_links":{"self":[{"href":"https:\/\/linitiative.ca\/International\/wp-json\/wp\/v2\/posts\/115839","targetHints":{"allow":["GET"]}}],"collection":[{"href":"https:\/\/linitiative.ca\/International\/wp-json\/wp\/v2\/posts"}],"about":[{"href":"https:\/\/linitiative.ca\/International\/wp-json\/wp\/v2\/types\/post"}],"author":[{"embeddable":true,"href":"https:\/\/linitiative.ca\/International\/wp-json\/wp\/v2\/users\/1738"}],"replies":[{"embeddable":true,"href":"https:\/\/linitiative.ca\/International\/wp-json\/wp\/v2\/comments?post=115839"}],"version-history":[{"count":0,"href":"https:\/\/linitiative.ca\/International\/wp-json\/wp\/v2\/posts\/115839\/revisions"}],"wp:attachment":[{"href":"https:\/\/linitiative.ca\/International\/wp-json\/wp\/v2\/media?parent=115839"}],"wp:term":[{"taxonomy":"category","embeddable":true,"href":"https:\/\/linitiative.ca\/International\/wp-json\/wp\/v2\/categories?post=115839"},{"taxonomy":"post_tag","embeddable":true,"href":"https:\/\/linitiative.ca\/International\/wp-json\/wp\/v2\/tags?post=115839"}],"curies":[{"name":"wp","href":"https:\/\/api.w.org\/{rel}","templated":true}]}}