{"id":115841,"date":"2021-04-29T13:59:53","date_gmt":"2021-04-29T17:59:53","guid":{"rendered":"https:\/\/linitiative.ca\/International\/des-changements-a-la-tete-des-six-banques-publiques\/"},"modified":"2021-04-29T13:59:53","modified_gmt":"2021-04-29T17:59:53","slug":"des-changements-a-la-tete-des-six-banques-publiques","status":"publish","type":"post","link":"https:\/\/linitiative.ca\/International\/des-changements-a-la-tete-des-six-banques-publiques\/","title":{"rendered":"Des changements \u00e0 la t\u00eate des six banques publiques"},"content":{"rendered":"<h4 class=\"title-14\"\/>\n<p><strong><em>Le ministre des Finances, Aymene Benaderahmane, a op\u00e9r\u00e9 jeudi 29 avril des changements \u00e0 la t\u00eate des six banques publiques que compte le pays.<\/em><\/strong><\/p>\n<p>Conform\u00e9ment \u00e0 ce changement, qui \u00e9limine la fonction de PDG (Pr\u00e9sident directeur g\u00e9n\u00e9ral), en confiant la gestion de la banque \u00e0 un PCA (pr\u00e9sident du conseil d\u2019administration) et \u00e0 un DG (Directeur g\u00e9n\u00e9ral), dans le cadre de la r\u00e9forme de la gouvernance des banques publiques, M. Houari Rahali a \u00e9t\u00e9 nomm\u00e9 PCA de la Banque ext\u00e9rieure d\u2019Alg\u00e9rie (BEA) alors que M. Lazhar Latreche a \u00e9t\u00e9 reconduit comme DG de cette banque. M. Mohamed Larbi a \u00e9t\u00e9 nomm\u00e9 PCA du Cr\u00e9dit populaire d\u2019Alg\u00e9rie (CPA) et M. Ali Kadri DG de la m\u00eame banque.<\/p>\n<p>Pour la Banque de l\u2019agriculture et du d\u00e9veloppement rural (BADR), M. Nacer Laouami a \u00e9t\u00e9 nomm\u00e9 PCA et M. Mohand Bourai reconduit au poste de DG.<\/p>\n<p>La Caisse nationale d\u2019\u00e9pargne et de pr\u00e9voyance (CNEP-Banque) a vu la nomination de M. Mustapha Chaabane en tant que PCA et de M. Samir Tamrabet en tant que DG. Mm Said Dib et Youcef Lalmas ont \u00e9t\u00e9 respectivement nomm\u00e9s PCA et DG de la Banque de d\u00e9veloppement local(BDL).<\/p>\n<p>Quant \u00e0 la Banque nationale d\u2019Alg\u00e9rie (BNA), le ministre a nomm\u00e9 M. Ramdane Idir comme PCA et Mohamed-Lamine Lebbou comme DG.<\/p>\n<p><span class=\"post-views-label\">Post Views:<\/span> <span class=\"post-views-count\">67<\/span><\/p>\n<p><br class=\"c3\"\/><\/p>\n<div class=\"ichhar-moneytagnative c5\" id=\"ichhar-1600012330\">\n<p>Advertisements<\/p>\n<\/div>\n<p><br class=\"c3\"\/><br \/>\n<br class=\"c6\"\/><\/p>\n<p>Auteur: Mohand Yahiaoui<br \/>\n<a href=\"https:\/\/www.elwatan.com\/edition\/economie\/des-changements-a-la-tete-des-six-banques-publiques-29-04-2021\">Cliquez ici pour lire l&rsquo;article depuis sa source.<\/a><\/p>\n","protected":false},"excerpt":{"rendered":"<p>Le ministre des Finances, Aymene Benaderahmane, a op\u00e9r\u00e9 jeudi 29 avril des changements \u00e0 la t\u00eate des six banques publiques que compte le pays. Conform\u00e9ment \u00e0 ce changement, qui \u00e9limine la fonction de PDG (Pr\u00e9sident directeur g\u00e9n\u00e9ral), en confiant la gestion de la banque \u00e0 un PCA (pr\u00e9sident du conseil d\u2019administration) et \u00e0 un DG [&hellip;]<\/p>\n","protected":false},"author":1743,"featured_media":0,"comment_status":"closed","ping_status":"closed","sticky":false,"template":"","format":"standard","meta":{"fifu_image_url":"","fifu_image_alt":"","footnotes":""},"categories":[73,53],"tags":[],"class_list":["post-115841","post","type-post","status-publish","format-standard","hentry","category-actualite","category-algerie"],"_links":{"self":[{"href":"https:\/\/linitiative.ca\/International\/wp-json\/wp\/v2\/posts\/115841","targetHints":{"allow":["GET"]}}],"collection":[{"href":"https:\/\/linitiative.ca\/International\/wp-json\/wp\/v2\/posts"}],"about":[{"href":"https:\/\/linitiative.ca\/International\/wp-json\/wp\/v2\/types\/post"}],"author":[{"embeddable":true,"href":"https:\/\/linitiative.ca\/International\/wp-json\/wp\/v2\/users\/1743"}],"replies":[{"embeddable":true,"href":"https:\/\/linitiative.ca\/International\/wp-json\/wp\/v2\/comments?post=115841"}],"version-history":[{"count":0,"href":"https:\/\/linitiative.ca\/International\/wp-json\/wp\/v2\/posts\/115841\/revisions"}],"wp:attachment":[{"href":"https:\/\/linitiative.ca\/International\/wp-json\/wp\/v2\/media?parent=115841"}],"wp:term":[{"taxonomy":"category","embeddable":true,"href":"https:\/\/linitiative.ca\/International\/wp-json\/wp\/v2\/categories?post=115841"},{"taxonomy":"post_tag","embeddable":true,"href":"https:\/\/linitiative.ca\/International\/wp-json\/wp\/v2\/tags?post=115841"}],"curies":[{"name":"wp","href":"https:\/\/api.w.org\/{rel}","templated":true}]}}