{"id":115844,"date":"2021-04-29T05:27:00","date_gmt":"2021-04-29T09:27:00","guid":{"rendered":"https:\/\/linitiative.ca\/International\/appel-pour-assurer-la-reussite-de-la-campagne-nationale-de-vaccination-contre-la-covid-19\/"},"modified":"2021-04-29T05:27:00","modified_gmt":"2021-04-29T09:27:00","slug":"appel-pour-assurer-la-reussite-de-la-campagne-nationale-de-vaccination-contre-la-covid-19","status":"publish","type":"post","link":"https:\/\/linitiative.ca\/International\/appel-pour-assurer-la-reussite-de-la-campagne-nationale-de-vaccination-contre-la-covid-19\/","title":{"rendered":"Appel pour assurer la r\u00e9ussite de la campagne nationale de vaccination contre la Covid-19"},"content":{"rendered":"<p><span class=\"c2\"><em><strong><img decoding=\"async\" src=\"\/uploads\/FCK_files\/Moncef-BelHaj-Yahia(1)(1).jpg\" width=\"20%\" vspace=\"5\" hspace=\"5\" align=\"left\" alt=\"\"\/>Par DR Moncef Belhaj Yahia et Dr Abdelwahed El Abassi &#8211;<\/strong><\/em><\/span> Trois mois apr\u00e8s le lancement de la plate-forme Evax et plus de quarante jours apr\u00e8s le d\u00e9marrage de la campagne nationale de vaccination, les r\u00e9sultats obtenus sont particuli\u00e8rement insuffisants avec seulement quelques dizaines de milliers de personnes ayant re\u00e7u les deux doses requises. Ces r\u00e9sultats ne sont pas \u00e0 la hauteur d\u2019une strat\u00e9gie pourtant pertinente et des efforts consid\u00e9rables consentis par les cadres et les professionnels de la sant\u00e9,<\/p>\n<p><span class=\"c3\"><strong>A la date du 23 avril 2021<\/strong><\/span><\/p>\n<p>La quantit\u00e9 de vaccins mise \u00e0 la disposition du Minist\u00e8re de la sant\u00e9 ne d\u00e9passe pas 479000 doses et ne permet de vacciner que 239500 personnes. La politique d&rsquo;acquisition des vaccins n&rsquo;a pas donn\u00e9 jusqu&rsquo;ici les r\u00e9sultats escompt\u00e9s.<\/p>\n<p>Malgr\u00e9 une campagne m\u00e9diatique soutenue, les inscriptions dans la plate-forme Evax restent particuli\u00e8rement faibles, en particulier dans les gouvernorats de l&rsquo;int\u00e9rieur o\u00f9 le taux d&rsquo;inscription est inf\u00e9rieur \u00e0 10%.<\/p>\n<p>Les personnes de 75 ans et + ne se sont inscrites que dans une proportion de 20%. En l\u2019absence de chiffres officiels annonc\u00e9s pour les autres tranches d&rsquo;\u00e2ge, il est permis de penser que les sujets de 60 \u00e0 74 ans et les sujets de moins de 60 ans pr\u00e9sentant des comorbidit\u00e9s restent tr\u00e8s majoritairement non-inscrits. Par ailleurs, de s\u00e9rieux dysfonctionnements enregistr\u00e9s dans la plate-forme Evax ont affect\u00e9 la progression bas\u00e9e sur les priorit\u00e9s d\u00e9finies par la strat\u00e9gie. Ces groupes de population sont de tr\u00e8s loin les plus expos\u00e9s aux complications de la Covid-19 et contribuent \u00e0 l&rsquo;\u00e9crasante majorit\u00e9 des d\u00e9c\u00e8s attribu\u00e9s \u00e0 cette maladie.<\/p>\n<p>L\u2019approche bas\u00e9e exclusivement sur l&rsquo;inscription pr\u00e9alable dans la plate-forme Evax montre ici clairement ses limites et risque d&rsquo;exposer toute la campagne nationale de vaccination \u00e0 l\u2019\u00e9chec.<\/p>\n<p>Si des ajustements ne sont pas introduits on voit mal la r\u00e9alisation effective d\u2019une bonne couverture vaccinale des groupes de population \u00e0 risque et encore moins celle de l&rsquo;objectif d\u00e9clar\u00e9 du Minist\u00e8re de la sant\u00e9 de vacciner 3 millions de personnes fin juin.<\/p>\n<p><span class=\"c3\"><strong>Devant cette situation<\/strong><\/span><\/p>\n<p class=\"c5\"><span class=\"c4\"><strong>1)<\/strong><\/span> Nous appelons les diff\u00e9rents organes de l\u2019\u00c9tat \u00e0 une mobilisation g\u00e9n\u00e9rale pour l&rsquo;acquisition rapide de la quantit\u00e9 n\u00e9cessaire \u00e0 la vaccination de 3 millions de personnes, en diversifiant les sources d&rsquo;approvisionnement et en privil\u00e9giant, dans la mesure du possible, les vaccins ne n\u00e9cessitant pas d&rsquo;exigences logistiques contraignantes. Malgr\u00e9 la grande tension qui r\u00e8gne sur le march\u00e9 mondial de la vaccination et qui risque de durer pendant plusieurs mois voir toute l\u2019ann\u00e9e 2021, le Pr\u00e9sident de la R\u00e9publique et le Chef du Gouvernement doivent assumer leurs responsabilit\u00e9s, unir leurs efforts, et mobiliser tous les moyens dont dispose notre pays afin d\u2019exploiter toutes les possibilit\u00e9s offertes par le programme de solidarit\u00e9 internationale Covax et par les achats directs aupr\u00e8s des diff\u00e9rents fournisseurs.<\/p>\n<p class=\"c5\"><span class=\"c4\"><strong>2)<\/strong><\/span> Nous appelons \u00e0 revisiter le fonctionnement de la plate-forme Evax afin d\u2019assurer une plus grande mobilisation des groupes de population les plus vuln\u00e9rables \u00e0 la Covid-19 et de leur assurer une large couverture vaccinale, \u00e0 m\u00eame de les prot\u00e9ger des formes graves de la maladie. La plate-forme Evax doit \u00eatre une opportunit\u00e9 pour mieux faire mais ne doit pas devenir une contrainte.<\/p>\n<p class=\"c5\">L&rsquo;inscription dans la plate-forme doit rester obligatoire pour toute vaccination, mais ne doit plus \u00eatre une condition pr\u00e9alable et exclusive. Il faut permettre de vacciner et d&rsquo;inscrire en m\u00eame temps. La plate-forme servira pour le contr\u00f4le, le respect effectif des priorit\u00e9s, la validation de la vaccination, et la consolidation des donn\u00e9es nationales.<\/p>\n<p class=\"c5\"><span class=\"c4\"><strong>3)<\/strong><\/span> Nous appelons \u00e0 d\u00e9velopper la vaccination de proximit\u00e9 en impliquant les centres de sant\u00e9 de base y compris les PMI et, sous certaines exigences, les cabinets des m\u00e9decins g\u00e9n\u00e9ralistes, dans le respect strict des priorit\u00e9s convenues. Les sujets \u00e0 risque fr\u00e9quentent ces structures de sant\u00e9 et c&rsquo;est l\u00e0 qu&rsquo;on peut plus facilement les toucher. Des plages horaires d\u00e9di\u00e9es peuvent \u00eatre envisag\u00e9es pour ne pas empi\u00e9ter sur les activit\u00e9s habituelles et n\u00e9cessaires de ces centres. Les centres r\u00e9gionaux ad hoc mis en place devraient continuer mais en laissant se d\u00e9ployer progressivement, mais aussi rapidement que possible, les centres de proximit\u00e9.<\/p>\n<p>Il faut garder pr\u00e9sent \u00e0 l\u2019esprit que cette campagne de vaccination contre la Covid-19 n\u2019est tr\u00e8s probablement pas l\u2019unique mais seulement la premi\u00e8re des vaccinations p\u00e9riodiques \u00e0 venir contre la Covid-19 et de futures pand\u00e9mies. C&rsquo;est pourquoi, il faut savoir tr\u00e8s rapidement activer l\u2019interface de proximit\u00e9 aussi bien pour les prestations que pour la mobilisation sociale locale.<\/p>\n<p>Sans la conjonction effective des prestations de proximit\u00e9 et de la mobilisation sociale, la r\u00e9alisation des r\u00e9sultats de sant\u00e9 publique escompt\u00e9s par la vaccination sera illusoire et le prix \u00e0 payer sera tr\u00e8s lourd, aussi bien en termes de probl\u00e8mes de sant\u00e9 qu&rsquo;en termes \u00e9conomiques et sociaux<\/p>\n<p><span class=\"c6\"><strong>Premi\u00e8re liste des signataires (par ordre alphab\u00e9tique des noms)<\/strong><\/span><\/p>\n<p><span class=\"c4\"><strong>\u2022<\/strong><\/span> Docteur Achouri Hedi<\/p>\n<p><span class=\"c4\"><strong>\u2022<\/strong><\/span> Docteur Annabi Thouraya<\/p>\n<p><span class=\"c4\"><strong>\u2022<\/strong><\/span> Professeur Bel Haj Ahlem<\/p>\n<p><span class=\"c4\"><strong>\u2022<\/strong><\/span> Docteur Bel Haj Hedia<\/p>\n<p><span class=\"c4\"><strong>\u2022<\/strong><\/span> Docteur BelHaj Yahia Moncef<\/p>\n<p><span class=\"c4\"><strong>\u2022<\/strong><\/span> Professeur Ben Ammar Raouf<\/p>\n<p><span class=\"c4\"><strong>\u2022<\/strong><\/span> Professeur Ben Hamida Abdelmajid<\/p>\n<p><span class=\"c4\"><strong>\u2022<\/strong><\/span> Docteur Ben Salah Slim<\/p>\n<p><span class=\"c4\"><strong>\u2022<\/strong><\/span> Professeur Ben Salem Kamel<\/p>\n<p><span class=\"c4\"><strong>\u2022<\/strong><\/span> Docteur Cherif Moez<\/p>\n<p><span class=\"c4\"><strong>\u2022<\/strong><\/span> Professeur Doagi Mohammed<\/p>\n<p><span class=\"c4\"><strong>\u2022<\/strong><\/span> Docteur El Abassi Abdelwahed<\/p>\n<p><span class=\"c4\"><strong>\u2022<\/strong><\/span> Professeur Mrad Skander<\/p>\n<p><span class=\"c4\"><strong>\u2022<\/strong><\/span> Professeur Mtiraoui Ali<\/p>\n<p><span class=\"c4\"><strong>\u2022<\/strong><\/span> Docteur Mzid Jaouhar<\/p>\n<p><span class=\"c4\"><strong>\u2022<\/strong><\/span> Professeur Sellami Slaheddine<\/p>\n<p><span class=\"c4\"><strong>\u2022<\/strong><\/span> Professeur Toumi Amor<\/p>\n<p><span class=\"c4\"><strong>\u2022<\/strong><\/span> Docteur Turki Mohammed<br \/>\u00a0<\/p>\n<p>Auteur:<br \/>\n<a href=\"https:\/\/www.leaders.com.tn\/article\/31791-appel-pour-assurer-la-reussite-de-la-campagne-nationale-de-vaccination-contre-la-covid-19\">Cliquez ici pour lire l&rsquo;article depuis sa source.<\/a><\/p>\n","protected":false},"excerpt":{"rendered":"<p>Par DR Moncef Belhaj Yahia et Dr Abdelwahed El Abassi &#8211; Trois mois apr\u00e8s le lancement de la plate-forme Evax et plus de quarante jours apr\u00e8s le d\u00e9marrage de la campagne nationale de vaccination, les r\u00e9sultats obtenus sont particuli\u00e8rement insuffisants avec seulement quelques dizaines de milliers de personnes ayant re\u00e7u les deux doses requises. Ces [&hellip;]<\/p>\n","protected":false},"author":1772,"featured_media":0,"comment_status":"closed","ping_status":"closed","sticky":false,"template":"","format":"standard","meta":{"fifu_image_url":"\/uploads\/FCK_files\/Moncef-BelHaj-Yahia(1)(1).jpg","fifu_image_alt":"Appel pour assurer la r\u00e9ussite de la campagne nationale de vaccination contre la Covid-19","footnotes":""},"categories":[73,55],"tags":[],"class_list":["post-115844","post","type-post","status-publish","format-standard","hentry","category-actualite","category-tunisie"],"_links":{"self":[{"href":"https:\/\/linitiative.ca\/International\/wp-json\/wp\/v2\/posts\/115844","targetHints":{"allow":["GET"]}}],"collection":[{"href":"https:\/\/linitiative.ca\/International\/wp-json\/wp\/v2\/posts"}],"about":[{"href":"https:\/\/linitiative.ca\/International\/wp-json\/wp\/v2\/types\/post"}],"author":[{"embeddable":true,"href":"https:\/\/linitiative.ca\/International\/wp-json\/wp\/v2\/users\/1772"}],"replies":[{"embeddable":true,"href":"https:\/\/linitiative.ca\/International\/wp-json\/wp\/v2\/comments?post=115844"}],"version-history":[{"count":0,"href":"https:\/\/linitiative.ca\/International\/wp-json\/wp\/v2\/posts\/115844\/revisions"}],"wp:attachment":[{"href":"https:\/\/linitiative.ca\/International\/wp-json\/wp\/v2\/media?parent=115844"}],"wp:term":[{"taxonomy":"category","embeddable":true,"href":"https:\/\/linitiative.ca\/International\/wp-json\/wp\/v2\/categories?post=115844"},{"taxonomy":"post_tag","embeddable":true,"href":"https:\/\/linitiative.ca\/International\/wp-json\/wp\/v2\/tags?post=115844"}],"curies":[{"name":"wp","href":"https:\/\/api.w.org\/{rel}","templated":true}]}}