{"id":115846,"date":"2021-04-29T07:07:00","date_gmt":"2021-04-29T11:07:00","guid":{"rendered":"https:\/\/linitiative.ca\/International\/lubci-devoile-sa-nouvelle-gouvernance\/"},"modified":"2021-04-29T07:07:00","modified_gmt":"2021-04-29T11:07:00","slug":"lubci-devoile-sa-nouvelle-gouvernance","status":"publish","type":"post","link":"https:\/\/linitiative.ca\/International\/lubci-devoile-sa-nouvelle-gouvernance\/","title":{"rendered":"L\u2019UBCI d\u00e9voile sa nouvelle gouvernance"},"content":{"rendered":"<p>Dans la continuit\u00e9 de l\u2019accord\u00a0 finalis\u00e9 en Mars 2021 portant sur la cession par le groupe BNP Paribas\u00a0 de ses parts dans le capital de l\u2019UBCI \u00e0 hauteur de 39% au Groupe CARTE, nouvel actionnaire de r\u00e9f\u00e9rence, l\u2019Assembl\u00e9e G\u00e9n\u00e9rale Ordinaire des actionnaires de l&rsquo;UBCI tenue le 27 avril 2021 a ratifi\u00e9 la nomination des nouveaux Administrateurs suivants:<\/p>\n<p class=\"c3\"><span class=\"c2\"><strong>\u2022<\/strong><\/span> M. Hassine Doghri<\/p>\n<p class=\"c3\"><span class=\"c2\"><strong>\u2022<\/strong><\/span> M. Hakim Doghri<\/p>\n<p class=\"c3\"><span class=\"c2\"><strong>\u2022<\/strong><\/span> Mme. Laureen Kouassi Olssen (membre ind\u00e9pendant),<\/p>\n<p class=\"c3\"><span class=\"c2\"><strong>\u2022<\/strong><\/span> M. Radhi Meddeb<\/p>\n<p class=\"c3\"><span class=\"c2\"><strong>\u2022<\/strong><\/span> La soci\u00e9t\u00e9 \u00ab Serenity Capital Finance Holding \u00bb avec pour repr\u00e9sentant permanent\u00a0 M. Mehdi Bouhaouala.<\/p>\n<p>Ainsi, en tenant compte des anciens administrateurs, \u00e0 savoir :<\/p>\n<p class=\"c3\"><span class=\"c2\"><strong>\u2022<\/strong><\/span> M. Mehdi Tamarziste<\/p>\n<p class=\"c3\"><span class=\"c2\"><strong>\u2022<\/strong><\/span> M. S\u00e9lim Riahi<\/p>\n<p class=\"c3\"><span class=\"c2\"><strong>\u2022<\/strong><\/span> Mme. Sonya Bouricha<\/p>\n<p class=\"c3\"><span class=\"c2\"><strong>\u2022<\/strong><\/span> Mme. Neila Ben Zina (membre ind\u00e9pendant)<\/p>\n<p class=\"c3\"><span class=\"c2\"><strong>\u2022<\/strong><\/span> Mme. Samia Zouaoui (membre ind\u00e9pendant),<\/p>\n<p>Le Conseil d\u2019Administration de l&rsquo;UBCI s&rsquo;inscrit dans le respect des conditions de parit\u00e9 et d&rsquo;ind\u00e9pendance de l&rsquo;organe de gouvernance.<\/p>\n<p>A l\u2019issue de l\u2019AGO, le Conseil d\u2019Administration de l&rsquo;UBCI s\u2019est r\u00e9uni et a d\u00e9cid\u00e9 de nommer <span class=\"c2\"><strong>M. Hassine Doghri en qualit\u00e9 de Pr\u00e9sident du Conseil d\u2019Administration<\/strong><\/span> en remplacement de M.Fathi Mestiri et <span class=\"c2\"><strong>M.Mohamed Koub\u00e2a en qualit\u00e9 de Directeur G\u00e9n\u00e9ral<\/strong><\/span> en remplacement de M.Pierre B\u00e9r\u00e9govoy.<\/p>\n<p><span class=\"c4\"><strong>Profil du nouveau Directeur G\u00e9n\u00e9ral<\/strong><\/span><\/p>\n<p>M. Mohamed Koub\u00e2a poss\u00e8de une exp\u00e9rience de 25 ans au c\u0153ur des march\u00e9s financiers.\u00a0<\/p>\n<p>Apr\u00e8s avoir int\u00e9gr\u00e9 l\u2019\u00c9cole Centrale de Paris, puis compl\u00e9t\u00e9 sa formation par un DEA en math\u00e9matiques stochastiques de l\u2019Universit\u00e9 Paris I-Sorbonne, il commence son parcours professionnel \u00e0 la Caisse Nationale du Cr\u00e9dit Agricole en 1996 au sein de la salle des march\u00e9s. En tant que trader, puis en tant que responsable de trading, il a g\u00e9r\u00e9 plusieurs portefeuilles d\u00e9riv\u00e9s de taux et de change. Il a d\u00e9velopp\u00e9 des produits dits complexes sous forme de notes structur\u00e9es en faveur des clients de la banque \u00e0 la fois corporate et institutionnels. Il a particip\u00e9 \u00e0 plusieurs fusions notamment celle avec la banque Indosuez en 1998 puis avec le Cr\u00e9dit Lyonnais en 2004.<\/p>\n<p>Suite \u00e0 la crise financi\u00e8re de 2008, il fut en charge de recouvrer les portefeuilles en difficult\u00e9 et de proposer une restructuration pour les commercialiser de nouveau.<\/p>\n<p>Depuis 2017,\u00a0 M. Koub\u00e2a accompagne la Direction G\u00e9n\u00e9rale d\u2019une banque publique dans la conduite d\u2019une profonde transformation et la pr\u00e9paration d\u2019un nouveau plan strat\u00e9gique.<\/p>\n<p>Il a pr\u00e9sid\u00e9 l\u2019Association des Tunisiens des Grandes \u00c9coles en France entre 1999 et 2001.<\/p>\n<p>Auteur:<br \/>\n<a href=\"https:\/\/www.leaders.com.tn\/article\/31793-l-ubci-devoile-sa-nouvelle-gouvernance\">Cliquez ici pour lire l&rsquo;article depuis sa source.<\/a><\/p>\n","protected":false},"excerpt":{"rendered":"<p>Dans la continuit\u00e9 de l\u2019accord\u00a0 finalis\u00e9 en Mars 2021 portant sur la cession par le groupe BNP Paribas\u00a0 de ses parts dans le capital de l\u2019UBCI \u00e0 hauteur de 39% au Groupe CARTE, nouvel actionnaire de r\u00e9f\u00e9rence, l\u2019Assembl\u00e9e G\u00e9n\u00e9rale Ordinaire des actionnaires de l&rsquo;UBCI tenue le 27 avril 2021 a ratifi\u00e9 la nomination des nouveaux [&hellip;]<\/p>\n","protected":false},"author":1772,"featured_media":0,"comment_status":"closed","ping_status":"closed","sticky":false,"template":"","format":"standard","meta":{"fifu_image_url":"","fifu_image_alt":"","footnotes":""},"categories":[73,55],"tags":[],"class_list":["post-115846","post","type-post","status-publish","format-standard","hentry","category-actualite","category-tunisie"],"_links":{"self":[{"href":"https:\/\/linitiative.ca\/International\/wp-json\/wp\/v2\/posts\/115846","targetHints":{"allow":["GET"]}}],"collection":[{"href":"https:\/\/linitiative.ca\/International\/wp-json\/wp\/v2\/posts"}],"about":[{"href":"https:\/\/linitiative.ca\/International\/wp-json\/wp\/v2\/types\/post"}],"author":[{"embeddable":true,"href":"https:\/\/linitiative.ca\/International\/wp-json\/wp\/v2\/users\/1772"}],"replies":[{"embeddable":true,"href":"https:\/\/linitiative.ca\/International\/wp-json\/wp\/v2\/comments?post=115846"}],"version-history":[{"count":0,"href":"https:\/\/linitiative.ca\/International\/wp-json\/wp\/v2\/posts\/115846\/revisions"}],"wp:attachment":[{"href":"https:\/\/linitiative.ca\/International\/wp-json\/wp\/v2\/media?parent=115846"}],"wp:term":[{"taxonomy":"category","embeddable":true,"href":"https:\/\/linitiative.ca\/International\/wp-json\/wp\/v2\/categories?post=115846"},{"taxonomy":"post_tag","embeddable":true,"href":"https:\/\/linitiative.ca\/International\/wp-json\/wp\/v2\/tags?post=115846"}],"curies":[{"name":"wp","href":"https:\/\/api.w.org\/{rel}","templated":true}]}}