{"id":115849,"date":"2021-04-29T11:25:00","date_gmt":"2021-04-29T15:25:00","guid":{"rendered":"https:\/\/linitiative.ca\/International\/raid-international-de-solidarite-ledition-2021-est-reportee\/"},"modified":"2021-04-29T11:25:00","modified_gmt":"2021-04-29T15:25:00","slug":"raid-international-de-solidarite-ledition-2021-est-reportee","status":"publish","type":"post","link":"https:\/\/linitiative.ca\/International\/raid-international-de-solidarite-ledition-2021-est-reportee\/","title":{"rendered":"Raid International de Solidarit\u00e9 : l\u2019\u00e9dition 2021 est report\u00e9e"},"content":{"rendered":"<p><strong>Organis\u00e9e sous l\u2019\u00e9gide de la FMVA et en partenariat avec la Fondation Mjid,<\/strong> <strong>la cinqui\u00e8me \u00e9dition du<\/strong> <strong>Raid International de Solidarit\u00e9 qui devait se d\u00e9rouler<\/strong> <strong>initialement du<\/strong> <strong>19 au 22 mai 2021<\/strong><strong>,<\/strong> <strong>vient d\u2019\u00eatre report\u00e9e. Compte tenu<\/strong> <strong>de l\u2019\u00e9volution de la situation sanitaire li\u00e9e \u00e0 la covid-19, les diff\u00e9rents intervenants et partenaires de cette manifestation ont pr\u00e9f\u00e9r\u00e9 jouer la carte de la prudence.<\/strong><\/p>\n<div class=\"c10\">\n<\/div>\n<p>\u00abLes d\u00e9cisions gouvernementales en perp\u00e9tuelle \u00e9volution nous ont convaincus de ne pas prendre le risque de voir l\u2019\u00e9v\u00e9nement annul\u00e9 au dernier moment. Nous sommes tous d\u00e9\u00e7us, mais votre sant\u00e9 et votre s\u00e9curit\u00e9 sont nos priorit\u00e9s absolues. Le circuit touristique, et sportif, est report\u00e9, et se d\u00e9roulera comme pr\u00e9vu \u00e0 une date ult\u00e9rieure\u00bb, a d\u00e9clar\u00e9 via un communiqu\u00e9 de presse Abdellah Abdellaoui.<\/p>\n<p><strong>Lire aussi |<a href=\"https:\/\/www.challenge.ma\/vaccination-anti-covid-au-maroc-samir-machour-livre-ses-impressions-182919\/\">Vaccination anti-Covid au Maroc : Samir Machour livre ses impressions<\/a><\/strong><\/p>\n<p>Et le Pr\u00e9sident de l\u2019Automobile Club Du Maroc de poursuivre\u00a0:\u00a0\u00abpar contre, nous consid\u00e9rons que l\u2019objectif principal de notre Raid International de Solidarit\u00e9 est de doter les enfants, pr\u00e9sentant des d\u00e9ficiences visuelles, de leurs lunettes dans les plus brefs d\u00e9lais. Aussi, nous maintenons la distribution des packs lunettes de vue et articles de sports, \u00e0 tous les enfants dont nous avons re\u00e7u les ordonnances\u00bb.<\/p>\n<p>Abdellah Abdellaoui qui a tenu \u00e0 remercier vivement toutes celles et ceux qui participent \u00e0 cette action humanitaire, organis\u00e9e sous l\u2019\u00e9gide de la FMVA et en partenariat avec La Fondation Mjid, notamment leurs diff\u00e9rents partenaires au rang desquels OptiBen pour la fourniture de 5 000 lunettes, Ola Ennery pour la fourniture de 5 000 sacs \u00e0 dos cartables, et la Fondation Aicha pour 5 000 packs de type articles de sport.<\/p>\n<p><strong>Lire aussi | <a href=\"https:\/\/www.challenge.ma\/naoufal-el-heziti-nouveau-president-du-cjd-maroc-182907\/\">Naoufal El Heziti, nouveau pr\u00e9sident du CJD Maroc<\/a><\/strong><\/p>\n<p>Le Pr\u00e9sident de l\u2019Automobile Club Du Maroc qui, par ailleurs, a adress\u00e9 ses plus sinc\u00e8res remerciements \u00e0 l\u2019ensemble des sponsors pour leurs soutiens logistiques et financiers, dont Cash Plus, Automove, Groupe Media Kamal Lahlou, AD Maroc. Les administrations et autres organes de presse \u00e9crite et audiovisuelle qui relaient g\u00e9n\u00e9ralement cette action n\u2019ont, eux aussi, pas \u00e9t\u00e9 oubli\u00e9s par Abdellah Abdellaoui. \u00a0<\/p>\n<p>Auteur: David J\u00e9r\u00e9mie<br \/>\n<a href=\"https:\/\/www.challenge.ma\/raid-international-de-solidarite-ledition-2021-est-reportee-182957\/\">Cliquez ici pour lire l&rsquo;article depuis sa source.<\/a><\/p>\n","protected":false},"excerpt":{"rendered":"<p>Organis\u00e9e sous l\u2019\u00e9gide de la FMVA et en partenariat avec la Fondation Mjid, la cinqui\u00e8me \u00e9dition du Raid International de Solidarit\u00e9 qui devait se d\u00e9rouler initialement du 19 au 22 mai 2021, vient d\u2019\u00eatre report\u00e9e. Compte tenu de l\u2019\u00e9volution de la situation sanitaire li\u00e9e \u00e0 la covid-19, les diff\u00e9rents intervenants et partenaires de cette manifestation [&hellip;]<\/p>\n","protected":false},"author":1787,"featured_media":0,"comment_status":"closed","ping_status":"closed","sticky":false,"template":"","format":"standard","meta":{"fifu_image_url":"","fifu_image_alt":"","footnotes":""},"categories":[78,54],"tags":[],"class_list":["post-115849","post","type-post","status-publish","format-standard","hentry","category-economie","category-maroc"],"_links":{"self":[{"href":"https:\/\/linitiative.ca\/International\/wp-json\/wp\/v2\/posts\/115849","targetHints":{"allow":["GET"]}}],"collection":[{"href":"https:\/\/linitiative.ca\/International\/wp-json\/wp\/v2\/posts"}],"about":[{"href":"https:\/\/linitiative.ca\/International\/wp-json\/wp\/v2\/types\/post"}],"author":[{"embeddable":true,"href":"https:\/\/linitiative.ca\/International\/wp-json\/wp\/v2\/users\/1787"}],"replies":[{"embeddable":true,"href":"https:\/\/linitiative.ca\/International\/wp-json\/wp\/v2\/comments?post=115849"}],"version-history":[{"count":0,"href":"https:\/\/linitiative.ca\/International\/wp-json\/wp\/v2\/posts\/115849\/revisions"}],"wp:attachment":[{"href":"https:\/\/linitiative.ca\/International\/wp-json\/wp\/v2\/media?parent=115849"}],"wp:term":[{"taxonomy":"category","embeddable":true,"href":"https:\/\/linitiative.ca\/International\/wp-json\/wp\/v2\/categories?post=115849"},{"taxonomy":"post_tag","embeddable":true,"href":"https:\/\/linitiative.ca\/International\/wp-json\/wp\/v2\/tags?post=115849"}],"curies":[{"name":"wp","href":"https:\/\/api.w.org\/{rel}","templated":true}]}}