{"id":115852,"date":"2021-04-29T16:47:45","date_gmt":"2021-04-29T20:47:45","guid":{"rendered":"https:\/\/linitiative.ca\/International\/la-tunisie-terre-de-tolerance-plutot-que-pepiniere-de-terrorisme\/"},"modified":"2021-04-29T16:47:45","modified_gmt":"2021-04-29T20:47:45","slug":"la-tunisie-terre-de-tolerance-plutot-que-pepiniere-de-terrorisme","status":"publish","type":"post","link":"https:\/\/linitiative.ca\/International\/la-tunisie-terre-de-tolerance-plutot-que-pepiniere-de-terrorisme\/","title":{"rendered":"La Tunisie terre de tol\u00e9rance plut\u00f4t que p\u00e9pini\u00e8re de terrorisme"},"content":{"rendered":"<div class=\"post-cont-in left relative\">\n<div id=\"post-info-wrap\" class=\"left relative post-info-out\">\n<div class=\"post-info-img left relative\"><img decoding=\"async\" alt=\"\" src=\"https:\/\/secure.gravatar.com\/avatar\/047123be9d5e8513774383916ee72db2?s=50&amp;d=mm&amp;r=g\" srcset=\"https:\/\/secure.gravatar.com\/avatar\/047123be9d5e8513774383916ee72db2?s=100&amp;d=mm&amp;r=g 2x\" class=\"avatar avatar-50 photo\" height=\"50\" width=\"50\" loading=\"lazy\"\/><\/div>\n<div class=\"post-info-in\">\n<div class=\"post-info-right left relative post-info-name left relative\"><span><span class=\"post-info-text\">Par<\/span> <span class=\"author-name vcard fn author\"><a href=\"https:\/\/www.tunisienumerique.com\/author\/lm\/\" title=\"Articles par LM\" rel=\"author\">LM<\/a><\/span><\/span> <span class=\"post-date updated\"><time class=\"post-date updated\" datetime=\"2021-04-29\">\u00a0| Il y a 11 secondes<\/time><\/span><br \/>\n<meta itemprop=\"dateModified\" content=\"2021-04-29\"\/><\/div>\n<div class=\"left relative\"><button id=\"listenButton1\" class=\"responsivevoice-button\" type=\"button\" value=\"Play\" title=\"\u00c9coutez l'article\"><span>\ud83d\udd0a \u00c9coutez l&rsquo;article<\/span><\/button>\n<\/div>\n<\/div>\n<\/div>\n<p>Deux images montrant les activit\u00e9s sur le terrain du chef du gouvernement, \u00e0 quelques heures d\u2019intervalle.<\/p>\n<div class=\"code-block code-block-1 c4\">\n <ins class=\"adsbygoogle c3\" data-ad-layout=\"in-article\" data-ad-format=\"fluid\" data-ad-client=\"ca-pub-2102118777505746\" data-ad-slot=\"7301775417\"\/>\n<\/div>\n<p>La premi\u00e8re lors de sa pr\u00e9sence \u00e0 la Grande Mosqu\u00e9e \u00e0 Kairouan pour comm\u00e9morer la nuit de la parution du Saint Coran, et la seconde, le lendemain, \u00e0 La Synagogue de Djerba, pour c\u00e9l\u00e9brer avec la communaut\u00e9 juive du pays, le p\u00e8lerinage d\u2019El Ghriba.<\/p>\n<p>Des images qui t\u00e9moignent d\u2019une r\u00e9alit\u00e9 et d\u2019une volont\u00e9 politique pour que la Tunisie pr\u00e9serve son image de terre de tol\u00e9rance et de coexistence pacifique. Une image mise \u00e0 mal par certaines sectes extr\u00e9mistes qui veulent faire de la Tunisie une arri\u00e8re base du terrorisme islamiste international, et une p\u00e9pini\u00e8re fournissant les plus sanguinaires des terroristes fanatiques.<\/p>\n<p>Des actions du chef du gouvernement qui viennent, \u00e0 la faveur d\u2019un hasard du calendrier comme r\u00e9ponse au dernier attentat commis \u00e0 Paris par un terroriste tunisien qui a tu\u00e9 \u00e0 coups de couteau une polici\u00e8re \u00e0 Rambouillet.<\/p>\n<div class=\"swp_social_panel swp_horizontal_panel swp_flat_fresh swp_default_full_color swp_individual_full_color swp_other_full_color scale-100 scale-\" data-min-width=\"1100\" data-float-color=\"#ffffff\" data-float=\"bottom\" data-float-mobile=\"bottom\" data-transition=\"slide\">\n<div class=\"nc_tweetContainer swp_share_button total_shares total_sharesalt\"><span class=\"swp_count\">0 <span class=\"swp_label\">Partages<\/span><\/span><\/div>\n<\/div>\n<p><strong>Que se passe-t-il en Tunisie?<\/strong><br \/>Nous expliquons sur notre <a href=\"https:\/\/www.youtube.com\/channel\/UCRzypVq0B_yBad5eGrwBx0Q?sub_confirmation=1\" target=\"_blank\" rel=\"noopener\">cha\u00eene YouTube<\/a> . <a href=\"https:\/\/www.youtube.com\/channel\/UCRzypVq0B_yBad5eGrwBx0Q?sub_confirmation=1\" target=\"_blank\" rel=\"noopener\">Abonnez-vous!<\/a><\/p>\n<div class=\"mvp-org-wrap\" itemprop=\"publisher\">\n<div class=\"mvp-org-logo\" itemprop=\"logo\"><img decoding=\"async\" src=\"https:\/\/www.tunisienumerique.com\/wp-content\/uploads\/2017\/02\/logo_tunisie_numerique.png\"\/><br \/>\n<meta itemprop=\"url\" content=\"https:\/\/www.tunisienumerique.com\/wp-content\/uploads\/2017\/02\/logo_tunisie_numerique.png\"\/><\/div>\n<p><meta content=\"Tunisie\"\/><\/div>\n<div class=\"mvp-related-posts left relative\">\n<h4 class=\"post-header\"><span class=\"post-header\">Lire aussi<\/span><\/h4>\n<\/div>\n<div id=\"article-ad\">\n <ins class=\"adsbygoogle c5\" data-ad-client=\"ca-pub-2102118777505746\" data-ad-slot=\"6513972734\" data-ad-format=\"auto\" data-full-width-responsive=\"true\"\/>\n<\/div>\n<\/div>\n<div id=\"post-sidebar-wrap\">\n <ins class=\"adsbygoogle c5\" data-ad-client=\"ca-pub-2102118777505746\" data-ad-slot=\"6168283410\" data-ad-format=\"auto\" data-full-width-responsive=\"true\"\/>\n<\/div>\n<p>Auteur: LM<br \/>\n<a href=\"https:\/\/www.tunisienumerique.com\/la-tunisie-terre-de-tolerance-plutot-que-pepiniere-de-terrorisme\/\">Cliquez ici pour lire l&rsquo;article depuis sa source.<\/a><\/p>\n","protected":false},"excerpt":{"rendered":"<p>Par LM \u00a0| Il y a 11 secondes \ud83d\udd0a \u00c9coutez l&rsquo;article Deux images montrant les activit\u00e9s sur le terrain du chef du gouvernement, \u00e0 quelques heures d\u2019intervalle. La premi\u00e8re lors de sa pr\u00e9sence \u00e0 la Grande Mosqu\u00e9e \u00e0 Kairouan pour comm\u00e9morer la nuit de la parution du Saint Coran, et la seconde, le lendemain, \u00e0 [&hellip;]<\/p>\n","protected":false},"author":1789,"featured_media":0,"comment_status":"closed","ping_status":"closed","sticky":false,"template":"","format":"standard","meta":{"fifu_image_url":"https:\/\/secure.gravatar.com\/avatar\/047123be9d5e8513774383916ee72db2?s=50&d=mm&r=g","fifu_image_alt":"La Tunisie terre de tol\u00e9rance plut\u00f4t que p\u00e9pini\u00e8re de terrorisme","footnotes":""},"categories":[73,55],"tags":[],"class_list":["post-115852","post","type-post","status-publish","format-standard","hentry","category-actualite","category-tunisie"],"_links":{"self":[{"href":"https:\/\/linitiative.ca\/International\/wp-json\/wp\/v2\/posts\/115852","targetHints":{"allow":["GET"]}}],"collection":[{"href":"https:\/\/linitiative.ca\/International\/wp-json\/wp\/v2\/posts"}],"about":[{"href":"https:\/\/linitiative.ca\/International\/wp-json\/wp\/v2\/types\/post"}],"author":[{"embeddable":true,"href":"https:\/\/linitiative.ca\/International\/wp-json\/wp\/v2\/users\/1789"}],"replies":[{"embeddable":true,"href":"https:\/\/linitiative.ca\/International\/wp-json\/wp\/v2\/comments?post=115852"}],"version-history":[{"count":0,"href":"https:\/\/linitiative.ca\/International\/wp-json\/wp\/v2\/posts\/115852\/revisions"}],"wp:attachment":[{"href":"https:\/\/linitiative.ca\/International\/wp-json\/wp\/v2\/media?parent=115852"}],"wp:term":[{"taxonomy":"category","embeddable":true,"href":"https:\/\/linitiative.ca\/International\/wp-json\/wp\/v2\/categories?post=115852"},{"taxonomy":"post_tag","embeddable":true,"href":"https:\/\/linitiative.ca\/International\/wp-json\/wp\/v2\/tags?post=115852"}],"curies":[{"name":"wp","href":"https:\/\/api.w.org\/{rel}","templated":true}]}}