{"id":115853,"date":"2021-04-29T16:52:41","date_gmt":"2021-04-29T20:52:41","guid":{"rendered":"https:\/\/linitiative.ca\/International\/pelerinage-del-ghriba-video-hichem-mechichi-adresse-un-message-de-tolerance\/"},"modified":"2021-04-29T16:52:41","modified_gmt":"2021-04-29T20:52:41","slug":"pelerinage-del-ghriba-video-hichem-mechichi-adresse-un-message-de-tolerance","status":"publish","type":"post","link":"https:\/\/linitiative.ca\/International\/pelerinage-del-ghriba-video-hichem-mechichi-adresse-un-message-de-tolerance\/","title":{"rendered":"P\u00e8lerinage d\u2019El Ghriba [VIDEO] : Hichem Mechichi adresse un message de tol\u00e9rance"},"content":{"rendered":"<div class=\"post-cont-in left relative\">\n<div id=\"post-info-wrap\" class=\"left relative post-info-out\">\n<div class=\"post-info-img left relative\"><img decoding=\"async\" alt=\"\" src=\"https:\/\/secure.gravatar.com\/avatar\/ea481d7287ad38ca1787f44b5bb1b70e?s=50&amp;d=mm&amp;r=g\" srcset=\"https:\/\/secure.gravatar.com\/avatar\/ea481d7287ad38ca1787f44b5bb1b70e?s=100&amp;d=mm&amp;r=g 2x\" class=\"avatar avatar-50 photo\" height=\"50\" width=\"50\" loading=\"lazy\"\/><\/div>\n<div class=\"post-info-in\">\n<div class=\"post-info-right left relative post-info-name left relative\"><span><span class=\"post-info-text\">Par<\/span> <span class=\"author-name vcard fn author\"><a href=\"https:\/\/www.tunisienumerique.com\/author\/rania-ben-slimane\/\" title=\"Articles par rania ben slimane\" rel=\"author\">rania ben slimane<\/a><\/span><\/span> <span class=\"post-date updated\"><time class=\"post-date updated\" datetime=\"2021-04-29\">\u00a0| Il y a 7 minutes<\/time><\/span><br \/>\n<meta itemprop=\"dateModified\" content=\"2021-04-29\"\/><\/div>\n<div class=\"left relative\"><button id=\"listenButton1\" class=\"responsivevoice-button\" type=\"button\" value=\"Play\" title=\"\u00c9coutez l'article\"><span>\ud83d\udd0a \u00c9coutez l&rsquo;article<\/span><\/button>\n<\/div>\n<\/div>\n<\/div>\n<p>Le Chef du gouvernement, Hichem Mechichi, accompagn\u00e9 par le ministre du Tourisme Habib Ammar et le ministre des Affaires Religieuses, Ahmed Adhoum, s\u2019est rendu aujourd\u2019hui 29 avril 2021, au temple d\u2019El Ghriba pour assister au d\u00e9marrage du p\u00e8lerinage.<\/p>\n<div class=\"code-block code-block-1 c5\">\n <ins class=\"adsbygoogle c4\" data-ad-layout=\"in-article\" data-ad-format=\"fluid\" data-ad-client=\"ca-pub-2102118777505746\" data-ad-slot=\"7301775417\"\/>\n<\/div>\n<p>Au cours de la visite, monsieur Mechichi a adress\u00e9 aux p\u00e8lerins juifs tunisiens et \u00e9trangers, un message de tol\u00e9rance et de paix entre les communaut\u00e9s et les religions, soulignant que la Tunisie est une terre de cohabitation et de pluralit\u00e9.<\/p>\n<p>\u201c<em>La Tunisie accueille tous ses enfants quelles que soient leurs croyances et leurs origines<\/em>\u201d a-t-il d\u00e9clar\u00e9.<\/p>\n<p>En outre, Mechichi a mis l\u2019accent sur l\u2019importance historique et religieuse du temple et du p\u00e8lerinage d\u2019El Ghriba sur le plan national et international, indiquant que malgr\u00e9 l\u2019absence des festivit\u00e9s en raison de la situation sanitaire critique, il a tenu \u00e0 s\u2019y rendre tout en respectant les mesures de distanciation et du port de masque.<\/p>\n<div class=\"swp_social_panel swp_horizontal_panel swp_flat_fresh swp_default_full_color swp_individual_full_color swp_other_full_color scale-100 scale-\" data-min-width=\"1100\" data-float-color=\"#ffffff\" data-float=\"bottom\" data-float-mobile=\"bottom\" data-transition=\"slide\">\n<div class=\"nc_tweetContainer swp_share_button total_shares total_sharesalt\"><span class=\"swp_count\">3 <span class=\"swp_label\">Partages<\/span><\/span><\/div>\n<\/div>\n<p><strong>Que se passe-t-il en Tunisie?<\/strong><br \/>Nous expliquons sur notre <a href=\"https:\/\/www.youtube.com\/channel\/UCRzypVq0B_yBad5eGrwBx0Q?sub_confirmation=1\" target=\"_blank\" rel=\"noopener\">cha\u00eene YouTube<\/a> . <a href=\"https:\/\/www.youtube.com\/channel\/UCRzypVq0B_yBad5eGrwBx0Q?sub_confirmation=1\" target=\"_blank\" rel=\"noopener\">Abonnez-vous!<\/a><\/p>\n<div class=\"mvp-org-wrap\" itemprop=\"publisher\">\n<div class=\"mvp-org-logo\" itemprop=\"logo\"><img decoding=\"async\" src=\"https:\/\/www.tunisienumerique.com\/wp-content\/uploads\/2017\/02\/logo_tunisie_numerique.png\"\/><br \/>\n<meta itemprop=\"url\" content=\"https:\/\/www.tunisienumerique.com\/wp-content\/uploads\/2017\/02\/logo_tunisie_numerique.png\"\/><\/div>\n<p><meta content=\"Tunisie\"\/><\/div>\n<div class=\"mvp-related-posts left relative\">\n<h4 class=\"post-header\"><span class=\"post-header\">Lire aussi<\/span><\/h4>\n<\/div>\n<div id=\"article-ad\">\n <ins class=\"adsbygoogle c6\" data-ad-client=\"ca-pub-2102118777505746\" data-ad-slot=\"6513972734\" data-ad-format=\"auto\" data-full-width-responsive=\"true\"\/>\n<\/div>\n<\/div>\n<div id=\"post-sidebar-wrap\">\n <ins class=\"adsbygoogle c6\" data-ad-client=\"ca-pub-2102118777505746\" data-ad-slot=\"6168283410\" data-ad-format=\"auto\" data-full-width-responsive=\"true\"\/>\n<\/div>\n<p>Auteur: rania ben slimane<br \/>\n<a href=\"https:\/\/www.tunisienumerique.com\/pelerinage-del-ghriba-video-hichem-mechichi-adresse-un-message-de-tolerance\/\">Cliquez ici pour lire l&rsquo;article depuis sa source.<\/a><\/p>\n","protected":false},"excerpt":{"rendered":"<p>Par rania ben slimane \u00a0| Il y a 7 minutes \ud83d\udd0a \u00c9coutez l&rsquo;article Le Chef du gouvernement, Hichem Mechichi, accompagn\u00e9 par le ministre du Tourisme Habib Ammar et le ministre des Affaires Religieuses, Ahmed Adhoum, s\u2019est rendu aujourd\u2019hui 29 avril 2021, au temple d\u2019El Ghriba pour assister au d\u00e9marrage du p\u00e8lerinage. Au cours de la [&hellip;]<\/p>\n","protected":false},"author":1789,"featured_media":0,"comment_status":"closed","ping_status":"closed","sticky":false,"template":"","format":"standard","meta":{"fifu_image_url":"https:\/\/secure.gravatar.com\/avatar\/ea481d7287ad38ca1787f44b5bb1b70e?s=50&d=mm&r=g","fifu_image_alt":"P\u00e8lerinage d\u2019El Ghriba [VIDEO] : Hichem Mechichi adresse un message de tol\u00e9rance","footnotes":""},"categories":[73,55],"tags":[],"class_list":["post-115853","post","type-post","status-publish","format-standard","hentry","category-actualite","category-tunisie"],"_links":{"self":[{"href":"https:\/\/linitiative.ca\/International\/wp-json\/wp\/v2\/posts\/115853","targetHints":{"allow":["GET"]}}],"collection":[{"href":"https:\/\/linitiative.ca\/International\/wp-json\/wp\/v2\/posts"}],"about":[{"href":"https:\/\/linitiative.ca\/International\/wp-json\/wp\/v2\/types\/post"}],"author":[{"embeddable":true,"href":"https:\/\/linitiative.ca\/International\/wp-json\/wp\/v2\/users\/1789"}],"replies":[{"embeddable":true,"href":"https:\/\/linitiative.ca\/International\/wp-json\/wp\/v2\/comments?post=115853"}],"version-history":[{"count":0,"href":"https:\/\/linitiative.ca\/International\/wp-json\/wp\/v2\/posts\/115853\/revisions"}],"wp:attachment":[{"href":"https:\/\/linitiative.ca\/International\/wp-json\/wp\/v2\/media?parent=115853"}],"wp:term":[{"taxonomy":"category","embeddable":true,"href":"https:\/\/linitiative.ca\/International\/wp-json\/wp\/v2\/categories?post=115853"},{"taxonomy":"post_tag","embeddable":true,"href":"https:\/\/linitiative.ca\/International\/wp-json\/wp\/v2\/tags?post=115853"}],"curies":[{"name":"wp","href":"https:\/\/api.w.org\/{rel}","templated":true}]}}