{"id":115858,"date":"2021-04-29T16:47:53","date_gmt":"2021-04-29T20:47:53","guid":{"rendered":"https:\/\/linitiative.ca\/International\/prorogation-des-mandats-des-elus-locaux-lassemblee-nationale-donne-son-quitus\/"},"modified":"2021-04-29T16:47:53","modified_gmt":"2021-04-29T20:47:53","slug":"prorogation-des-mandats-des-elus-locaux-lassemblee-nationale-donne-son-quitus","status":"publish","type":"post","link":"https:\/\/linitiative.ca\/International\/prorogation-des-mandats-des-elus-locaux-lassemblee-nationale-donne-son-quitus\/","title":{"rendered":"Prorogation des mandats des \u00e9lus locaux : l\u2019Assembl\u00e9e nationale donne son quitus"},"content":{"rendered":"<div class=\"td-post-featured-image\"><a href=\"https:\/\/www.sidwaya.info\/wp-content\/uploads\/2021\/04\/1-89.jpg\" data-caption=\"\"><img loading=\"lazy\" decoding=\"async\" width=\"595\" height=\"396\" class=\"entry-thumb td-modal-image\" src=\"https:\/\/www.sidwaya.info\/wp-content\/uploads\/2021\/04\/1-89.jpg\" srcset=\"https:\/\/www.sidwaya.info\/wp-content\/uploads\/2021\/04\/1-89.jpg 595w, https:\/\/www.sidwaya.info\/wp-content\/uploads\/2021\/04\/1-89-300x200.jpg 300w, https:\/\/www.sidwaya.info\/wp-content\/uploads\/2021\/04\/1-89-150x100.jpg 150w\" sizes=\"auto, (max-width: 595px) 100vw, 595px\" alt=\"\" title=\"1\"\/><\/a><\/div>\n<p><strong>L\u2019Assembl\u00e9e nationale a adopt\u00e9, le jeudi 29 avril 2021 \u00e0 Ouagadougou, un projet de loi portant prorogation des mandats des conseils municipaux et r\u00e9gionaux du Burkina Faso. Ce texte de loi accorde un an suppl\u00e9mentaire aux \u00e9lus locaux, dont le mandat arrive \u00e0 \u00e9ch\u00e9ance en mai 2021.<\/strong><\/p>\n<p>Au regard des manquements et difficult\u00e9s constat\u00e9s lors des \u00e9lections coupl\u00e9es pr\u00e9sidentielle et l\u00e9gislatives de novembre 2020, le gouvernement veut rectifier le tir pour les \u00e9lections municipales. A cet effet, l\u2019ex\u00e9cutif burkinab\u00e8 souhaite prolonger le mandat des \u00e9lus locaux qui arrive \u00e0 terme en mai prochain en vue de r\u00e9unir les conditions pour des \u00e9lections accept\u00e9es de tous. Dans ce sens, le minist\u00e8re de l\u2019Administration territoriale et de la D\u00e9centralisation a introduit un projet de loi portant prorogation des mandats des conseils municipaux et r\u00e9gionaux du Burkina Faso \u00e0 l\u2019Assembl\u00e9e nationale.<\/p>\n<p>Le dit texte a re\u00e7u le quitus de l\u2019ensemble des d\u00e9put\u00e9s pr\u00e9sents, le jeudi 29 avril 2021 lors d\u2019une pl\u00e9ni\u00e8re. Selon le ministre en charge des collectivit\u00e9s territoriales, Pengwend\u00e9 Cl\u00e9ment Sawadogo, cette rallonge d\u2019une ann\u00e9e du mandat des conseillers municipaux et r\u00e9gionaux \u00e9tait n\u00e9cessaire pour mieux organiser le cadre l\u00e9gislatif et organisationnel des \u00e9lections locales. \u00ab Au cours de cette ann\u00e9e de gr\u00e2ce, le minist\u00e8re s\u2019attellera \u00e0 la relecture \u00e0 minima du Code \u00e9lectoral et \u00e0 la r\u00e9vision du Code g\u00e9n\u00e9ral des collectivit\u00e9s territoriales dans le but d\u2019am\u00e9liorer le dispositif \u00e9lectoral \u00bb, a soutenu M. Sawadogo.<br \/>Le ministre d\u2019Etat a dit m\u00fbrir l\u2019id\u00e9e de faire, en sorte<br \/>que les pr\u00e9sidents de collectivit\u00e9s, les maires et les pr\u00e9sidents des conseils r\u00e9gionaux soient \u00e9lus au suffrage universel direct. Cela aura le m\u00e9rite, a-t-il argument\u00e9, de mieux l\u00e9gitimer les ex\u00e9cutifs locaux, de stabiliser le fonctionnement des collectivit\u00e9s en \u00e9vitant le maire d\u2019\u00eatre \u00e0 la merci des conseillers frondeurs. \u00ab La plupart des frondes se terminent par une motion de d\u00e9fiance. Avec cette nouvelle modalit\u00e9 que nous sommes en train de proposer, le maire et le pr\u00e9sident du conseil r\u00e9gional auront les coud\u00e9es franches pour mieux travailler \u00bb, a rassur\u00e9 le ministre Sawadogo.<\/p>\n<p>Le mandat \u00e9tant prolong\u00e9, le ministre a indiqu\u00e9 que la prochaine \u00e9tape est de mettre le projet en d\u00e9bat au sein du cadre de dialogue politique entre la majorit\u00e9 et l\u2019opposition. Si un consensus est d\u00e9gag\u00e9, la r\u00e9forme sera par la suite soumise \u00e0 l\u2019Assembl\u00e9e nationale pour recueillir son approbation, a confi\u00e9 le ministre. A ce propos, le pr\u00e9sident du Parlement, Alassane Bala Sakand\u00e9, a souhait\u00e9 que le document parvienne \u00e0 son institution dans un d\u00e9lai raisonnable (au plus tard dans 6 mois). \u00ab Cela nous \u00e9vitera d\u2019\u00eatre des caisses de r\u00e9sonnance de l\u2019ex\u00e9cutif et d\u2019enrichir le projet \u00bb, a-t-il soutenu. Une observation, not\u00e9e par le ministre porteur du dossier, qui a promis attirer l\u2019attention du gouvernement sur la tenue \u00e0 bonne date du cadre de dialogue politique. \u00ab Si le principe est accept\u00e9 par la classe politique et le Parlement approuve, nous pourrions aboutir \u00e0 un nouveau dispositif en mati\u00e8re de gestion des collectivit\u00e9s territoriales dans notre pays \u00bb, s\u2019est-il r\u00e9joui.<\/p>\n<p class=\"c1\"><strong>\u00a0Abdoulaye BALBONE<\/strong><\/p>\n<div class=\"td-a-rec td-a-rec-id-content_bottom tdi_33_80b td_block_template_1\">\n<p><img loading=\"lazy\" decoding=\"async\" class=\"aligncenter size-full wp-image-27454\" src=\"https:\/\/www.sidwaya.info\/wp-content\/uploads\/2020\/10\/PUB-Bandeau-paiement-mobile-siteweb.jpg\" alt=\"\" width=\"728\" height=\"90\"\/><\/div>\n<p>Auteur: BM. Sidwaya<br \/>\n<a href=\"https:\/\/www.sidwaya.info\/blog\/2021\/04\/29\/prorogation-des-mandats-des-elus-locaux-lassemblee-nationale-donne-son-quitus\/\">Cliquez ici pour lire l&rsquo;article depuis sa source.<\/a><\/p>\n","protected":false},"excerpt":{"rendered":"<p>L\u2019Assembl\u00e9e nationale a adopt\u00e9, le jeudi 29 avril 2021 \u00e0 Ouagadougou, un projet de loi portant prorogation des mandats des conseils municipaux et r\u00e9gionaux du Burkina Faso. Ce texte de loi accorde un an suppl\u00e9mentaire aux \u00e9lus locaux, dont le mandat arrive \u00e0 \u00e9ch\u00e9ance en mai 2021. Au regard des manquements et difficult\u00e9s constat\u00e9s lors [&hellip;]<\/p>\n","protected":false},"author":1816,"featured_media":0,"comment_status":"closed","ping_status":"closed","sticky":false,"template":"","format":"standard","meta":{"fifu_image_url":"https:\/\/www.sidwaya.info\/wp-content\/uploads\/2021\/04\/1-89.jpg","fifu_image_alt":"Prorogation des mandats des \u00e9lus locaux : l\u2019Assembl\u00e9e nationale donne son quitus","footnotes":""},"categories":[73,81],"tags":[],"class_list":["post-115858","post","type-post","status-publish","format-standard","hentry","category-actualite","category-burkina-faso"],"_links":{"self":[{"href":"https:\/\/linitiative.ca\/International\/wp-json\/wp\/v2\/posts\/115858","targetHints":{"allow":["GET"]}}],"collection":[{"href":"https:\/\/linitiative.ca\/International\/wp-json\/wp\/v2\/posts"}],"about":[{"href":"https:\/\/linitiative.ca\/International\/wp-json\/wp\/v2\/types\/post"}],"author":[{"embeddable":true,"href":"https:\/\/linitiative.ca\/International\/wp-json\/wp\/v2\/users\/1816"}],"replies":[{"embeddable":true,"href":"https:\/\/linitiative.ca\/International\/wp-json\/wp\/v2\/comments?post=115858"}],"version-history":[{"count":0,"href":"https:\/\/linitiative.ca\/International\/wp-json\/wp\/v2\/posts\/115858\/revisions"}],"wp:attachment":[{"href":"https:\/\/linitiative.ca\/International\/wp-json\/wp\/v2\/media?parent=115858"}],"wp:term":[{"taxonomy":"category","embeddable":true,"href":"https:\/\/linitiative.ca\/International\/wp-json\/wp\/v2\/categories?post=115858"},{"taxonomy":"post_tag","embeddable":true,"href":"https:\/\/linitiative.ca\/International\/wp-json\/wp\/v2\/tags?post=115858"}],"curies":[{"name":"wp","href":"https:\/\/api.w.org\/{rel}","templated":true}]}}