{"id":115859,"date":"2021-04-29T16:50:15","date_gmt":"2021-04-29T20:50:15","guid":{"rendered":"https:\/\/linitiative.ca\/International\/qui-suis-je\/"},"modified":"2021-04-29T16:50:15","modified_gmt":"2021-04-29T20:50:15","slug":"qui-suis-je","status":"publish","type":"post","link":"https:\/\/linitiative.ca\/International\/qui-suis-je\/","title":{"rendered":"Qui suis-je ?"},"content":{"rendered":"<div class=\"td-post-featured-image\"><a href=\"https:\/\/www.sidwaya.info\/wp-content\/uploads\/2021\/04\/Chronique-2.jpg\" data-caption=\"\"><img loading=\"lazy\" decoding=\"async\" width=\"696\" height=\"464\" class=\"entry-thumb td-modal-image\" src=\"https:\/\/www.sidwaya.info\/wp-content\/uploads\/2021\/04\/Chronique-2-696x464.jpg\" srcset=\"https:\/\/www.sidwaya.info\/wp-content\/uploads\/2021\/04\/Chronique-2-696x464.jpg 696w, https:\/\/www.sidwaya.info\/wp-content\/uploads\/2021\/04\/Chronique-2-300x200.jpg 300w, https:\/\/www.sidwaya.info\/wp-content\/uploads\/2021\/04\/Chronique-2-150x100.jpg 150w, https:\/\/www.sidwaya.info\/wp-content\/uploads\/2021\/04\/Chronique-2-630x420.jpg 630w, https:\/\/www.sidwaya.info\/wp-content\/uploads\/2021\/04\/Chronique-2.jpg 738w\" sizes=\"auto, (max-width: 696px) 100vw, 696px\" alt=\"\" title=\"Chronique\"\/><\/a><\/div>\n<p>A l\u2019\u00e9cole, j\u2019ai appris la langue du blanc<br \/>A la maison, j\u2019ai oubli\u00e9 la langue du clan<br \/>A l\u2019\u00e9cole, j\u2019ai compris l\u2019histoire des Francs<br \/>A la maison, j\u2019ai omis les gloires de nos combattants<\/p>\n<p>Je suis un lettr\u00e9 dipl\u00f4m\u00e9 bien form\u00e9 et tr\u00e8s inform\u00e9<br \/>Je suis un d\u00e9racin\u00e9 d\u00e9sh\u00e9rit\u00e9, inhabit\u00e9 et abandonn\u00e9<br \/>Je suis l\u2019homme moderne \u00e0 l\u2019\u00e9piderme terne loin de la ferme qui germe<br \/>Je suis l\u2019\u00e9trange destin d\u2019une culture qui p\u00e2ture dans la verdure des OGM<\/p>\n<p>Du haut des montagnes sacr\u00e9es des contr\u00e9es lumineuses pleurent les esprits incompris<br \/>Les saintes cloches des chapelles appellent les fid\u00e8les au pied de la st\u00e8le du crucifix<br \/>Les tam-tams n\u2019annoncent plus les rituelles annuelles dans les ruelles des dieux baff\u00e9s<br \/>Au pied des autels exsangues, coule la bave des assoiff\u00e9s chass\u00e9s par les autodaf\u00e9s<\/p>\n<p>Au fond des hommes que nous sommes, la voix du Livre croise le fer avec le choix des Ivres<br \/>Les traditions s\u2019enterrent au pied de la Croix, le culte des M\u00e2nes \u00e9manent de l\u2019hydre<br \/>Les croyances se battent et se d\u00e9battent dans les<br \/>temples qui \u00e9patent et app\u00e2tent les impies<br \/>Loin des cantiques antiques et des versets d\u00e9laiss\u00e9s, l\u2019humanit\u00e9 marche sans foi vers<br \/>l\u2019infini<\/p>\n<p class=\"c1\"><strong>Cl\u00e9ment ZONGO<\/strong><br \/><strong>clmentzongo@yahoo.fr<\/strong><\/p>\n<div class=\"td-a-rec td-a-rec-id-content_bottom tdi_33_481 td_block_template_1\">\n<p><img loading=\"lazy\" decoding=\"async\" class=\"aligncenter size-full wp-image-27454\" src=\"https:\/\/www.sidwaya.info\/wp-content\/uploads\/2020\/10\/PUB-Bandeau-paiement-mobile-siteweb.jpg\" alt=\"\" width=\"728\" height=\"90\"\/><\/div>\n<p>Auteur: BM. Sidwaya<br \/>\n<a href=\"https:\/\/www.sidwaya.info\/blog\/2021\/04\/29\/qui-suis-je\/\">Cliquez ici pour lire l&rsquo;article depuis sa source.<\/a><\/p>\n","protected":false},"excerpt":{"rendered":"<p>A l\u2019\u00e9cole, j\u2019ai appris la langue du blancA la maison, j\u2019ai oubli\u00e9 la langue du clanA l\u2019\u00e9cole, j\u2019ai compris l\u2019histoire des FrancsA la maison, j\u2019ai omis les gloires de nos combattants Je suis un lettr\u00e9 dipl\u00f4m\u00e9 bien form\u00e9 et tr\u00e8s inform\u00e9Je suis un d\u00e9racin\u00e9 d\u00e9sh\u00e9rit\u00e9, inhabit\u00e9 et abandonn\u00e9Je suis l\u2019homme moderne \u00e0 l\u2019\u00e9piderme terne loin [&hellip;]<\/p>\n","protected":false},"author":1816,"featured_media":0,"comment_status":"closed","ping_status":"closed","sticky":false,"template":"","format":"standard","meta":{"fifu_image_url":"https:\/\/www.sidwaya.info\/wp-content\/uploads\/2021\/04\/Chronique-2-696x464.jpg","fifu_image_alt":"Qui suis-je ?","footnotes":""},"categories":[73,81],"tags":[],"class_list":["post-115859","post","type-post","status-publish","format-standard","hentry","category-actualite","category-burkina-faso"],"_links":{"self":[{"href":"https:\/\/linitiative.ca\/International\/wp-json\/wp\/v2\/posts\/115859","targetHints":{"allow":["GET"]}}],"collection":[{"href":"https:\/\/linitiative.ca\/International\/wp-json\/wp\/v2\/posts"}],"about":[{"href":"https:\/\/linitiative.ca\/International\/wp-json\/wp\/v2\/types\/post"}],"author":[{"embeddable":true,"href":"https:\/\/linitiative.ca\/International\/wp-json\/wp\/v2\/users\/1816"}],"replies":[{"embeddable":true,"href":"https:\/\/linitiative.ca\/International\/wp-json\/wp\/v2\/comments?post=115859"}],"version-history":[{"count":0,"href":"https:\/\/linitiative.ca\/International\/wp-json\/wp\/v2\/posts\/115859\/revisions"}],"wp:attachment":[{"href":"https:\/\/linitiative.ca\/International\/wp-json\/wp\/v2\/media?parent=115859"}],"wp:term":[{"taxonomy":"category","embeddable":true,"href":"https:\/\/linitiative.ca\/International\/wp-json\/wp\/v2\/categories?post=115859"},{"taxonomy":"post_tag","embeddable":true,"href":"https:\/\/linitiative.ca\/International\/wp-json\/wp\/v2\/tags?post=115859"}],"curies":[{"name":"wp","href":"https:\/\/api.w.org\/{rel}","templated":true}]}}