{"id":115862,"date":"2021-04-29T13:18:02","date_gmt":"2021-04-29T17:18:02","guid":{"rendered":"https:\/\/linitiative.ca\/International\/afrique-une-conference-pour-lacces-des-femmes-aux-technologies\/"},"modified":"2021-04-29T13:18:02","modified_gmt":"2021-04-29T17:18:02","slug":"afrique-une-conference-pour-lacces-des-femmes-aux-technologies","status":"publish","type":"post","link":"https:\/\/linitiative.ca\/International\/afrique-une-conference-pour-lacces-des-femmes-aux-technologies\/","title":{"rendered":"Afrique : une conf\u00e9rence pour l\u2019acc\u00e8s des femmes aux technologies"},"content":{"rendered":"<div readability=\"32\">\n<p>Publi\u00e9 le 29.04.2021 \u00e0 18h18 par APA News<\/p>\n<\/div>\n<div readability=\"89\">\n<p>Une conf\u00e9rence virtuelle sur la diversit\u00e9 g\u00e9ographique des femmes en Afrique et au Moyen-Orient est pr\u00e9vue du 25 au 27 mai 2021.D\u00e9nomm\u00e9e \u00ab Virtual Grace Hopper Celebration EMEA \u00bb, la rencontre vise \u00e0 fournir un soutien, des outils de d\u00e9veloppement de carri\u00e8re et une formation technique pour permettre aux femmes d\u2019exceller dans le monde du travail, tout en leur permettant d\u2019acc\u00e9der \u00e0 des employeurs potentiels dans le domaine des technologies.<\/p>\n<p>Selon ses organisateurs, \u00ab la conf\u00e9rence sera une exp\u00e9rience enti\u00e8rement num\u00e9rique ax\u00e9e sur la cr\u00e9ation d\u2019une communaut\u00e9, la c\u00e9l\u00e9bration d\u2019objectifs communs et le renforcement de la diversit\u00e9 g\u00e9ographique des femmes dans le secteur des technologies\u00a0\u00bb.<\/p>\n<p>\u00ab La c\u00e9l\u00e9bration virtuelle Grace Hopper EMEA inspirera \u00e9galement un nouveau r\u00e9seau de d\u00e9fenseurs et d\u2019alli\u00e9s avec lesquels AnitaB.org pourra travailler tout au long de l\u2019ann\u00e9e pour renforcer la capacit\u00e9 de l\u2019ensemble de l\u2019\u00e9cosyst\u00e8me technologique des entreprises, de l\u2019\u00e9ducation et du gouvernement n\u00e9cessaire \u00e0 la r\u00e9ussite des femmes technologues de l\u2019EMEA \u00bb, rapporte un communiqu\u00e9.<\/p>\n<p>En 1994, Anita Borg et Dr Telle Whitney ont cofond\u00e9 la \u00ab Grace Hopper Celebration (GHC) \u00bb, qui est devenue le plus grand rassemblement annuel de femmes technologues au monde. En 2020, face aux r\u00e9alit\u00e9s de la Covid-19, AnitaB.org a organis\u00e9 sa toute premi\u00e8re c\u00e9l\u00e9bration virtuelle \u00ab Grace Hopper \u00bb, attirant plus de 30.000 participants virtuels de plus de 115 pays du monde entier.<\/p>\n<p>Cette ann\u00e9e, la c\u00e9l\u00e8bre militante pakistanaise des droits de l\u2019Homme, Malala Yousafzai, se joindra \u00e0 la conf\u00e9rence.<\/p>\n<p>\u00ab Nous sommes ravis d\u2019accueillir Mme Yousafzai car, nos missions de promotion de l\u2019\u00e9ducation et de l\u2019autonomisation de toutes les femmes sont si \u00e9troitement align\u00e9es\u00a0\u00bb, a d\u00e9clar\u00e9 Brenda Darden Wilkerson pr\u00e9sidente et directrice g\u00e9n\u00e9rale d\u2019AnitaB.org.<\/p>\n<p>Selon elle, l\u2019\u00e9l\u00e9vation des droits des femmes, notamment dans le domaine de la technologie, n\u2019a jamais \u00e9t\u00e9 aussi importante. \u00ab Le pouvoir reconnu de Mme Yousafzai d\u2019atteindre et d\u2019inspirer \u00e0 travers ses mots fera passer le r\u00e9seau de notre communaut\u00e9 \u00e0 un niveau sup\u00e9rieur\u00a0\u00bb, a conclu Mme Wilkerson<\/p>\n<p>Malala Yousafzai a men\u00e9 un combat c\u00e9l\u00e8bre pour l\u2019\u00e9ducation des filles. Son plaidoyer est d\u00e9sormais devenu un mouvement international et lui a valu plusieurs distinctions internationales et pakistanaises. \u00c0 l\u2019\u00e2ge de 17 ans, en 2014, elle est devenue la plus jeune personne \u00e0 remporter le prix Nobel de la paix apr\u00e8s avoir surv\u00e9cu \u00e0 une tentative d\u2019assassinat.<\/p>\n<\/div>\n<p>Auteur: APA News<br \/>\n<a href=\"https:\/\/www.journalducameroun.com\/afrique-une-conference-pour-lacces-des-femmes-aux-technologies\/\">Cliquez ici pour lire l&rsquo;article depuis sa source.<\/a><\/p>\n","protected":false},"excerpt":{"rendered":"<p>Publi\u00e9 le 29.04.2021 \u00e0 18h18 par APA News Une conf\u00e9rence virtuelle sur la diversit\u00e9 g\u00e9ographique des femmes en Afrique et au Moyen-Orient est pr\u00e9vue du 25 au 27 mai 2021.D\u00e9nomm\u00e9e \u00ab Virtual Grace Hopper Celebration EMEA \u00bb, la rencontre vise \u00e0 fournir un soutien, des outils de d\u00e9veloppement de carri\u00e8re et une formation technique pour [&hellip;]<\/p>\n","protected":false},"author":1965,"featured_media":0,"comment_status":"closed","ping_status":"closed","sticky":false,"template":"","format":"standard","meta":{"fifu_image_url":"","fifu_image_alt":"","footnotes":""},"categories":[73,82],"tags":[],"class_list":["post-115862","post","type-post","status-publish","format-standard","hentry","category-actualite","category-cameroun"],"_links":{"self":[{"href":"https:\/\/linitiative.ca\/International\/wp-json\/wp\/v2\/posts\/115862","targetHints":{"allow":["GET"]}}],"collection":[{"href":"https:\/\/linitiative.ca\/International\/wp-json\/wp\/v2\/posts"}],"about":[{"href":"https:\/\/linitiative.ca\/International\/wp-json\/wp\/v2\/types\/post"}],"author":[{"embeddable":true,"href":"https:\/\/linitiative.ca\/International\/wp-json\/wp\/v2\/users\/1965"}],"replies":[{"embeddable":true,"href":"https:\/\/linitiative.ca\/International\/wp-json\/wp\/v2\/comments?post=115862"}],"version-history":[{"count":0,"href":"https:\/\/linitiative.ca\/International\/wp-json\/wp\/v2\/posts\/115862\/revisions"}],"wp:attachment":[{"href":"https:\/\/linitiative.ca\/International\/wp-json\/wp\/v2\/media?parent=115862"}],"wp:term":[{"taxonomy":"category","embeddable":true,"href":"https:\/\/linitiative.ca\/International\/wp-json\/wp\/v2\/categories?post=115862"},{"taxonomy":"post_tag","embeddable":true,"href":"https:\/\/linitiative.ca\/International\/wp-json\/wp\/v2\/tags?post=115862"}],"curies":[{"name":"wp","href":"https:\/\/api.w.org\/{rel}","templated":true}]}}