{"id":115865,"date":"2021-04-29T13:39:02","date_gmt":"2021-04-29T17:39:02","guid":{"rendered":"https:\/\/linitiative.ca\/International\/chantier-du-stade-dolembe-le-ministre-des-sports-confirme-le-deblocage-de-6-milliards-fcfa-au-profit-de-lentreprise-magil\/"},"modified":"2021-04-29T13:39:02","modified_gmt":"2021-04-29T17:39:02","slug":"chantier-du-stade-dolembe-le-ministre-des-sports-confirme-le-deblocage-de-6-milliards-fcfa-au-profit-de-lentreprise-magil","status":"publish","type":"post","link":"https:\/\/linitiative.ca\/International\/chantier-du-stade-dolembe-le-ministre-des-sports-confirme-le-deblocage-de-6-milliards-fcfa-au-profit-de-lentreprise-magil\/","title":{"rendered":"Chantier du stade d\u2019Olembe : le ministre des Sports confirme le d\u00e9blocage de 6 milliards FCFA au profit de l\u2019entreprise Magil"},"content":{"rendered":"<div readability=\"32\">\n<p>Publi\u00e9 le 29.04.2021 \u00e0 18h39 par JournalduCameroun.com<\/p>\n<\/div>\n<div readability=\"59\">\n<h5 class=\"c9\">Le constructeur canadien avait conditionn\u00e9 la reprise des travaux par le payement des d\u00e9comptes.<\/h5>\n<p class=\"c10\">Une fois de plus en visite sur le chantier de construction du <strong>stade d\u2019Olembe<\/strong> (Yaound\u00e9), le ministre des Sports et de l\u2019Education physique a annonc\u00e9 gouvernement a d\u00e9bloqu\u00e9 une enveloppe de plus de 6 milliards FCFA pour la reprise des travaux. Cette somme repr\u00e9sente les d\u00e9comptes dus \u00e0 l\u2019entreprise canadienne <strong>Magil<\/strong>, en charge de la construction de l\u2019ouvrage.<\/p>\n<p class=\"c10\">En effet, lors de reprise du chantier \u00e0 l\u2019entreprise italienne Piccini, d\u2019abord en charge des travaux, Magil s\u2019\u00e9tait engag\u00e9 \u00e0 puiser <strong>6 milliards FCFA<\/strong> sur fonds propres pour poursuivre le chantier et \u00e9viter une interruption. Cependant, le gouvernement du <strong>Cameroun<\/strong> tardait \u00e0 rembourser et le constructeur ne pouvait plus r\u00e9gler ses sous-traitants. D\u2019o\u00f9 l\u2019arr\u00eat des travaux observ\u00e9s pendant quelques mois.<\/p>\n<p class=\"c10\">Ce 29 avril, Magil s\u2019est engag\u00e9 \u00e0 acc\u00e9l\u00e9rer le rythme des travaux afin de les livrer en novembre, soit trois mois avant le d\u00e9but de la Coupe d\u2019Afrique des nations (Can) que le Cameroun accueille d\u00e8s janvier 2022.<\/p>\n<p class=\"c10\">Il reste au gouvernement \u00e0 trouver 55 milliards FCFA pour achever lesdits travaux. Le pr\u00e9sident de la R\u00e9publique a habilit\u00e9 le ministre de l\u2019Economie \u00e0 engager les n\u00e9gociations en vue d\u2019un pr\u00eat de 55 milliards FCFA. Cette somme repr\u00e9sente les fonds que devait d\u00e9bloquer une banque italienne \u00e0 l\u2019entreprise Piccini, premi\u00e8re sur le chantier. Le gouvernement du Cameroun ayant rompu le contrat ave Piccini, la banque italienne Intesa San Paolo n\u2019a plus engag\u00e9 ses financements.<\/p>\n<\/div>\n<p>Auteur: journalducameroun<br \/>\n<a href=\"https:\/\/www.journalducameroun.com\/chantier-du-stade-dolembe-le-ministre-des-sports-confirme-le-deblocage-de-6-milliards-fcfa-au-profit-de-lentreprise-magil-cameroun\/\">Cliquez ici pour lire l&rsquo;article depuis sa source.<\/a><\/p>\n","protected":false},"excerpt":{"rendered":"<p>Publi\u00e9 le 29.04.2021 \u00e0 18h39 par JournalduCameroun.com Le constructeur canadien avait conditionn\u00e9 la reprise des travaux par le payement des d\u00e9comptes. Une fois de plus en visite sur le chantier de construction du stade d\u2019Olembe (Yaound\u00e9), le ministre des Sports et de l\u2019Education physique a annonc\u00e9 gouvernement a d\u00e9bloqu\u00e9 une enveloppe de plus de 6 [&hellip;]<\/p>\n","protected":false},"author":1965,"featured_media":0,"comment_status":"closed","ping_status":"closed","sticky":false,"template":"","format":"standard","meta":{"fifu_image_url":"","fifu_image_alt":"","footnotes":""},"categories":[73,82],"tags":[],"class_list":["post-115865","post","type-post","status-publish","format-standard","hentry","category-actualite","category-cameroun"],"_links":{"self":[{"href":"https:\/\/linitiative.ca\/International\/wp-json\/wp\/v2\/posts\/115865","targetHints":{"allow":["GET"]}}],"collection":[{"href":"https:\/\/linitiative.ca\/International\/wp-json\/wp\/v2\/posts"}],"about":[{"href":"https:\/\/linitiative.ca\/International\/wp-json\/wp\/v2\/types\/post"}],"author":[{"embeddable":true,"href":"https:\/\/linitiative.ca\/International\/wp-json\/wp\/v2\/users\/1965"}],"replies":[{"embeddable":true,"href":"https:\/\/linitiative.ca\/International\/wp-json\/wp\/v2\/comments?post=115865"}],"version-history":[{"count":0,"href":"https:\/\/linitiative.ca\/International\/wp-json\/wp\/v2\/posts\/115865\/revisions"}],"wp:attachment":[{"href":"https:\/\/linitiative.ca\/International\/wp-json\/wp\/v2\/media?parent=115865"}],"wp:term":[{"taxonomy":"category","embeddable":true,"href":"https:\/\/linitiative.ca\/International\/wp-json\/wp\/v2\/categories?post=115865"},{"taxonomy":"post_tag","embeddable":true,"href":"https:\/\/linitiative.ca\/International\/wp-json\/wp\/v2\/tags?post=115865"}],"curies":[{"name":"wp","href":"https:\/\/api.w.org\/{rel}","templated":true}]}}