{"id":115866,"date":"2021-04-29T14:18:01","date_gmt":"2021-04-29T18:18:01","guid":{"rendered":"https:\/\/linitiative.ca\/International\/mali-laction-humanitaire-de-lonu-change-de-coordonnateur\/"},"modified":"2021-04-29T14:18:01","modified_gmt":"2021-04-29T18:18:01","slug":"mali-laction-humanitaire-de-lonu-change-de-coordonnateur","status":"publish","type":"post","link":"https:\/\/linitiative.ca\/International\/mali-laction-humanitaire-de-lonu-change-de-coordonnateur\/","title":{"rendered":"Mali : l\u2019action humanitaire de l\u2019Onu change de Coordonnateur"},"content":{"rendered":"<div readability=\"32\">\n<p>Publi\u00e9 le 29.04.2021 \u00e0 19h18 par APA News<\/p>\n<\/div>\n<div readability=\"72\">\n<p>Le B\u00e9ninois Alain Noud\u00e9hou est nomm\u00e9 nouveau Coordonnateur de l\u2019action humanitaire de l\u2019Onu au Mali.Il a \u00e9t\u00e9 nomm\u00e9 le 28 avril dernier par le Secr\u00e9taire g\u00e9n\u00e9ral de l\u2019Organisation des nations unies (Onu).<\/p>\n<p>Repr\u00e9sentant sp\u00e9cial adjoint au sein de la Mission multidimensionnelle int\u00e9gr\u00e9e des Nations Unies pour la stabilisation au Mali (Minusma), Alain Noud\u00e9hou cumulera cette fonction avec celles de Coordonnateur r\u00e9sident et Coordonnateur de l\u2019action humanitaire de l\u2019Onu au Mali. Il succ\u00e8de \u00e0 Mme Mbaranga Gasarabwe du Rwanda, dont le mandat s\u2019ach\u00e8ve en mai 2021.<\/p>\n<p>\u00ab M. Noud\u00e9hou apporte \u00e0 ses nouvelles fonctions une vaste exp\u00e9rience dans les domaines du d\u00e9veloppement international et des affaires humanitaires, ayant r\u00e9cemment occup\u00e9 les fonctions de Repr\u00e9sentant sp\u00e9cial adjoint au sein de la Mission des Nations Unies au Soudan du Sud (MINUSS), Coordonnateur r\u00e9sident et Coordonnateur de l\u2019action humanitaire au Soudan du Sud\u00a0\u00bb, informe la Minusma.<\/p>\n<p>Il a occup\u00e9 les postes de Chef de cabinet et Directeur du Bureau ex\u00e9cutif du Programme des Nations Unies pour le d\u00e9veloppement (PNUD) \u00e0 New York ; Coordonnateur r\u00e9sident de l\u2019Onu et Repr\u00e9sentant r\u00e9sident du PNUD en R\u00e9publique populaire de Chine de 2014-2016. Alain Noud\u00e9hou a aussi \u00e9t\u00e9 Coordonnateur r\u00e9sident de l\u2019ONU, Coordonnateur de l\u2019action humanitaire et Repr\u00e9sentant r\u00e9sident du PNUD au Zimbabwe de 2010-2014.<\/p>\n<p>Avant de rejoindre l\u2019ONU, M. Noud\u00e9hou a occup\u00e9, de 1996 \u00e0 2002, plusieurs postes de direction au sein de \u00ab CHF International Inc. \u00bb, une organisation non gouvernementale internationale qui a \u00e9t\u00e9 rebaptis\u00e9e depuis \u00ab Global Communities, Partners for Good \u00bb.<\/p>\n<p>Il est d\u00e9tenteur d\u2019une ma\u00eetrise en politique et gestion publique d\u00e9cern\u00e9e par l\u2019Universit\u00e9 Carnegie Mellon, aux \u00c9tats-Unis, ainsi que d\u2019une licence en architecture de l\u2019Universit\u00e9 Tsinghua, en Chine. Il parle fran\u00e7ais, anglais et chinois.<\/p>\n<\/div>\n<p>Auteur: APA News<br \/>\n<a href=\"https:\/\/www.journalducameroun.com\/mali-laction-humanitaire-de-lonu-change-de-coordonnateur\/\">Cliquez ici pour lire l&rsquo;article depuis sa source.<\/a><\/p>\n","protected":false},"excerpt":{"rendered":"<p>Publi\u00e9 le 29.04.2021 \u00e0 19h18 par APA News Le B\u00e9ninois Alain Noud\u00e9hou est nomm\u00e9 nouveau Coordonnateur de l\u2019action humanitaire de l\u2019Onu au Mali.Il a \u00e9t\u00e9 nomm\u00e9 le 28 avril dernier par le Secr\u00e9taire g\u00e9n\u00e9ral de l\u2019Organisation des nations unies (Onu). Repr\u00e9sentant sp\u00e9cial adjoint au sein de la Mission multidimensionnelle int\u00e9gr\u00e9e des Nations Unies pour la [&hellip;]<\/p>\n","protected":false},"author":1965,"featured_media":0,"comment_status":"closed","ping_status":"closed","sticky":false,"template":"","format":"standard","meta":{"fifu_image_url":"","fifu_image_alt":"","footnotes":""},"categories":[73,82],"tags":[],"class_list":["post-115866","post","type-post","status-publish","format-standard","hentry","category-actualite","category-cameroun"],"_links":{"self":[{"href":"https:\/\/linitiative.ca\/International\/wp-json\/wp\/v2\/posts\/115866","targetHints":{"allow":["GET"]}}],"collection":[{"href":"https:\/\/linitiative.ca\/International\/wp-json\/wp\/v2\/posts"}],"about":[{"href":"https:\/\/linitiative.ca\/International\/wp-json\/wp\/v2\/types\/post"}],"author":[{"embeddable":true,"href":"https:\/\/linitiative.ca\/International\/wp-json\/wp\/v2\/users\/1965"}],"replies":[{"embeddable":true,"href":"https:\/\/linitiative.ca\/International\/wp-json\/wp\/v2\/comments?post=115866"}],"version-history":[{"count":0,"href":"https:\/\/linitiative.ca\/International\/wp-json\/wp\/v2\/posts\/115866\/revisions"}],"wp:attachment":[{"href":"https:\/\/linitiative.ca\/International\/wp-json\/wp\/v2\/media?parent=115866"}],"wp:term":[{"taxonomy":"category","embeddable":true,"href":"https:\/\/linitiative.ca\/International\/wp-json\/wp\/v2\/categories?post=115866"},{"taxonomy":"post_tag","embeddable":true,"href":"https:\/\/linitiative.ca\/International\/wp-json\/wp\/v2\/tags?post=115866"}],"curies":[{"name":"wp","href":"https:\/\/api.w.org\/{rel}","templated":true}]}}