{"id":115867,"date":"2021-04-29T08:31:36","date_gmt":"2021-04-29T12:31:36","guid":{"rendered":"https:\/\/linitiative.ca\/International\/ebenezer-essoka-est-le-nouveau-pca-de-uba-cameroun\/"},"modified":"2021-04-29T08:31:36","modified_gmt":"2021-04-29T12:31:36","slug":"ebenezer-essoka-est-le-nouveau-pca-de-uba-cameroun","status":"publish","type":"post","link":"https:\/\/linitiative.ca\/International\/ebenezer-essoka-est-le-nouveau-pca-de-uba-cameroun\/","title":{"rendered":"Ebenezer Essoka est le nouveau PCA de UBA Cameroun"},"content":{"rendered":"<p>Ebenezer Essoka (\u00e0 gauche) est le nouveau Pr\u00e9sident du Conseil d\u2019administration(PCA) de UBA Cameroun. Il a \u00e9t\u00e9 d\u00e9sign\u00e9 lors d\u2019un conseil d\u2019administration de la banque tenu le 7 avril dernier. Le promu remplace \u00e0 ce poste\u00a0Ekoko Mukete(\u00e0 droite), qui se retire du conseil apr\u00e8s 13\u00a0ann\u00e9es de service.\u00a0 L\u2019annonce officielle a \u00e9t\u00e9 faite aux actionnaires lors de la 13<sup>\u00e8me<\/sup>\u00a0Assembl\u00e9e G\u00e9n\u00e9rale d\u2019UBA Cameroun, tenue ce mercredi, 28\u00a0avril\u00a02021 \u00e0 Douala. Pr\u00e9sid\u00e9e pour la derni\u00e8re fois par le PCA sortant, M. Ekoko Mukete, la session de l\u2019Assembl\u00e9e G\u00e9n\u00e9rale a servi de cadre \u00e0 la prise de fonction officielle du nouveau PCA.<\/p>\n<p>Ebenezer Essoka est un homme d\u2019exp\u00e9rience qui cumule plus de 30\u00a0ann\u00e9es dans le secteur des services financiers, allant de la mise en place des nouvelles entreprises \u00e0 la restructuration et au repositionnement des anciennes entreprises, dans l\u2019optique de la promotion de la croissance durable \u00e0 travers l\u2019Afrique sub-saharienne (SSA).\u00a0<\/p>\n<p>Il est titulaire d\u2019un MBA en Finances et d\u2019un dipl\u00f4me en International Business. Il a \u00e9galement particip\u00e9 \u00e0 plusieurs programmes de d\u00e9veloppement pour cadres dirigeants, notamment \u00e0 l\u2019INSEAD, \u00e0 la London Business School, au Templeton College, \u00e0 Oxford University et \u00e0 Cambridge University.<\/p>\n<p>\u00ab\u00a0Cet expert chevronn\u00e9 contribuera \u00e0 positionner UBA Cameroun parmi les meilleures banques du pays\u00a0\u00bb explique la banque dans un communiqu\u00e9.<\/p>\n<p>Auteur: Cedrick JIONGO<br \/>\n<a href=\"https:\/\/ecomatin.net\/ebenezer-essoka-est-le-nouveau-pca-de-uba-cameroun\/\">Cliquez ici pour lire l&rsquo;article depuis sa source.<\/a><\/p>\n","protected":false},"excerpt":{"rendered":"<p>Ebenezer Essoka (\u00e0 gauche) est le nouveau Pr\u00e9sident du Conseil d\u2019administration(PCA) de UBA Cameroun. Il a \u00e9t\u00e9 d\u00e9sign\u00e9 lors d\u2019un conseil d\u2019administration de la banque tenu le 7 avril dernier. Le promu remplace \u00e0 ce poste\u00a0Ekoko Mukete(\u00e0 droite), qui se retire du conseil apr\u00e8s 13\u00a0ann\u00e9es de service.\u00a0 L\u2019annonce officielle a \u00e9t\u00e9 faite aux actionnaires lors [&hellip;]<\/p>\n","protected":false},"author":1969,"featured_media":0,"comment_status":"closed","ping_status":"closed","sticky":false,"template":"","format":"standard","meta":{"fifu_image_url":"","fifu_image_alt":"","footnotes":""},"categories":[82,78],"tags":[],"class_list":["post-115867","post","type-post","status-publish","format-standard","hentry","category-cameroun","category-economie"],"_links":{"self":[{"href":"https:\/\/linitiative.ca\/International\/wp-json\/wp\/v2\/posts\/115867","targetHints":{"allow":["GET"]}}],"collection":[{"href":"https:\/\/linitiative.ca\/International\/wp-json\/wp\/v2\/posts"}],"about":[{"href":"https:\/\/linitiative.ca\/International\/wp-json\/wp\/v2\/types\/post"}],"author":[{"embeddable":true,"href":"https:\/\/linitiative.ca\/International\/wp-json\/wp\/v2\/users\/1969"}],"replies":[{"embeddable":true,"href":"https:\/\/linitiative.ca\/International\/wp-json\/wp\/v2\/comments?post=115867"}],"version-history":[{"count":0,"href":"https:\/\/linitiative.ca\/International\/wp-json\/wp\/v2\/posts\/115867\/revisions"}],"wp:attachment":[{"href":"https:\/\/linitiative.ca\/International\/wp-json\/wp\/v2\/media?parent=115867"}],"wp:term":[{"taxonomy":"category","embeddable":true,"href":"https:\/\/linitiative.ca\/International\/wp-json\/wp\/v2\/categories?post=115867"},{"taxonomy":"post_tag","embeddable":true,"href":"https:\/\/linitiative.ca\/International\/wp-json\/wp\/v2\/tags?post=115867"}],"curies":[{"name":"wp","href":"https:\/\/api.w.org\/{rel}","templated":true}]}}