{"id":115873,"date":"2021-04-30T10:12:24","date_gmt":"2021-04-30T14:12:24","guid":{"rendered":"https:\/\/linitiative.ca\/International\/traiteurs-evenementiels-espaces-de-distraction-et-de-jeux-lindemnite-forfaitaire-aux-sous-secteurs-prolongee\/"},"modified":"2021-04-30T10:12:24","modified_gmt":"2021-04-30T14:12:24","slug":"traiteurs-evenementiels-espaces-de-distraction-et-de-jeux-lindemnite-forfaitaire-aux-sous-secteurs-prolongee","status":"publish","type":"post","link":"https:\/\/linitiative.ca\/International\/traiteurs-evenementiels-espaces-de-distraction-et-de-jeux-lindemnite-forfaitaire-aux-sous-secteurs-prolongee\/","title":{"rendered":"Traiteurs, \u00e9v\u00e9nementiels, espaces de distraction et de jeux : L\u2019indemnit\u00e9 forfaitaire aux sous secteurs prolong\u00e9e"},"content":{"rendered":"<header>\n<\/header>\n<div class=\"entry-content clearfix\" readability=\"66.452316076294\">\n<figure class=\"post-thumbnail\" itemprop=\"associatedMedia\" itemscope=\"itemscope\" itemtype=\"http:\/\/schema.org\/ImageObject\"><img decoding=\"async\" class=\"post_layout_5_img\" src=\"https:\/\/aujourdhui.ma\/wp-content\/uploads\/2020\/05\/ramediste-Guichet-banque.jpg\" alt=\"Traiteurs, \u00e9v\u00e9nementiels, espaces de distraction et de jeux : L\u2019indemnit\u00e9 forfaitaire aux sous secteurs prolong\u00e9e\"\/><\/figure>\n<p><span class=\"c7\"><strong>C\u2019est officiel. La CNSS annonce la prolongation du service de l\u2019indemnit\u00e9 forfaitaire destin\u00e9e aux sous-secteurs des activit\u00e9s de traiteurs de l\u2019\u00e9v\u00e9nementiel ainsi que des espaces de distraction et de jeux a \u00e9t\u00e9 prolong\u00e9e.<\/strong><\/span><span id=\"more-375358\"\/><\/p>\n<p>Ainsi, les employeurs, qui v\u00e9rifient les conditions stipul\u00e9es dans les d\u00e9crets n \u00b0 2.21.227 et 2.21 228, souhaitant faire b\u00e9n\u00e9ficier leurs travailleurs de l\u2019indemnit\u00e9 forfaitaire, financ\u00e9e par le Fonds Sp\u00e9cial de Gestion de la Pand\u00e9mie Covid-19 institu\u00e9 sous Hautes Instructions Royales, doivent les d\u00e9clarer via le portail <strong><span class=\"c9\"><a class=\"c8\" href=\"https:\/\/covid19.cnss.ma\/espace-affilie\/faces\/oracle\/webcenter\/portalapp\/pages\/login.jspx?_afrLoop=1995269317149410&amp;_afrWindowMode=0&amp;_afrWindowId=null&amp;_adf.ctrl-state=101pyb51zw_2#!%40%40%3F_afrWindowId%3Dnull%26_afrLoop%3D1995269317149410%26_afrWindowMode%3D0%26_adf.ctrl-state%3D101pyb51zw_6\" target=\"_blank\" rel=\"noopener noreferrer\">covid19.cnss.ma<\/a><\/span><\/strong> \u00e0 partir de ce vendredi 30 avril et jusqu\u2019au 3 juin 2021 pour la p\u00e9riode allant de septembre 2020 \u00e0 mai 2021, et du 16 juin 2021 au 3 juillet 2021, pour le mois de juin 2021.<\/p>\n<p>La prolongation concerne en effet deux phases. La premi\u00e8re est celle du 1er janvier 2021 \u00e0 fin juin 2021 pour leurs salari\u00e9s et stagiaires sous contrat d\u2019insertion, en arr\u00eat temporaire de travail \u00e0 cause de la pand\u00e9mie, et qui sont d\u00e9clar\u00e9s \u00e0 la CNSS en f\u00e9vrier 2020, ainsi que ceux qui \u00e9taient au cours dudit mois en \u00e9tat de maladie, d\u2019accouchement ou d\u2019accident du travail. La deuxi\u00e8me phase va de 1er septembre 2020 \u00e0 fin d\u00e9cembre 2020, \u00e0 titre exceptionnel, pour leurs salari\u00e9s et stagiaires sous contrat d\u2019insertion, qui \u00e9taient en \u00e9tat de maladie, d\u2019accouchement, ou d\u2019accident du travail en f\u00e9vrier 2020 et n\u2019ayant pas b\u00e9n\u00e9fici\u00e9 auparavant de l\u2019indemnit\u00e9 en vertu du d\u00e9cret n \u00b0 2.20.877.<\/p>\n<p>Notons que la CNSS a mis \u00e0 disposition des int\u00e9ress\u00e9s un tutoriel vid\u00e9o et un guide explicatif qui peuvent \u00eatre consult\u00e9s sur son site officiel, ainsi que sur ses pages officielles sur les r\u00e9seaux sociaux. Pour plus d\u2019infos, ils peuvent \u00e9galement contacter le centre \u00ab\u00a0Allo Daman\u00a0\u00bb (080 200 72 00 \/ 080 203 33 33)<\/p>\n<\/div>\n<p>Auteur: ALM<br \/>\n<a href=\"https:\/\/aujourdhui.ma\/societe\/traiteurs-evenementiels-espaces-de-distraction-et-de-jeux-lindemnite-forfaitaire-aux-sous-secteurs-prolongee\">Cliquez ici pour lire l&rsquo;article depuis sa source.<\/a><\/p>\n","protected":false},"excerpt":{"rendered":"<p>C\u2019est officiel. La CNSS annonce la prolongation du service de l\u2019indemnit\u00e9 forfaitaire destin\u00e9e aux sous-secteurs des activit\u00e9s de traiteurs de l\u2019\u00e9v\u00e9nementiel ainsi que des espaces de distraction et de jeux a \u00e9t\u00e9 prolong\u00e9e. Ainsi, les employeurs, qui v\u00e9rifient les conditions stipul\u00e9es dans les d\u00e9crets n \u00b0 2.21.227 et 2.21 228, souhaitant faire b\u00e9n\u00e9ficier leurs travailleurs [&hellip;]<\/p>\n","protected":false},"author":1759,"featured_media":0,"comment_status":"closed","ping_status":"closed","sticky":false,"template":"","format":"standard","meta":{"fifu_image_url":"https:\/\/aujourdhui.ma\/wp-content\/uploads\/2020\/05\/ramediste-Guichet-banque.jpg","fifu_image_alt":"Traiteurs, \u00e9v\u00e9nementiels, espaces de distraction et de jeux : L\u2019indemnit\u00e9 forfaitaire aux sous secteurs prolong\u00e9e","footnotes":""},"categories":[73,54],"tags":[],"class_list":["post-115873","post","type-post","status-publish","format-standard","hentry","category-actualite","category-maroc"],"_links":{"self":[{"href":"https:\/\/linitiative.ca\/International\/wp-json\/wp\/v2\/posts\/115873","targetHints":{"allow":["GET"]}}],"collection":[{"href":"https:\/\/linitiative.ca\/International\/wp-json\/wp\/v2\/posts"}],"about":[{"href":"https:\/\/linitiative.ca\/International\/wp-json\/wp\/v2\/types\/post"}],"author":[{"embeddable":true,"href":"https:\/\/linitiative.ca\/International\/wp-json\/wp\/v2\/users\/1759"}],"replies":[{"embeddable":true,"href":"https:\/\/linitiative.ca\/International\/wp-json\/wp\/v2\/comments?post=115873"}],"version-history":[{"count":0,"href":"https:\/\/linitiative.ca\/International\/wp-json\/wp\/v2\/posts\/115873\/revisions"}],"wp:attachment":[{"href":"https:\/\/linitiative.ca\/International\/wp-json\/wp\/v2\/media?parent=115873"}],"wp:term":[{"taxonomy":"category","embeddable":true,"href":"https:\/\/linitiative.ca\/International\/wp-json\/wp\/v2\/categories?post=115873"},{"taxonomy":"post_tag","embeddable":true,"href":"https:\/\/linitiative.ca\/International\/wp-json\/wp\/v2\/tags?post=115873"}],"curies":[{"name":"wp","href":"https:\/\/api.w.org\/{rel}","templated":true}]}}