{"id":115879,"date":"2021-04-29T14:00:57","date_gmt":"2021-04-29T18:00:57","guid":{"rendered":"https:\/\/linitiative.ca\/International\/la-force-des-images-et-la-beaute-epoustouflante-de-lecriture\/"},"modified":"2021-04-29T14:00:57","modified_gmt":"2021-04-29T18:00:57","slug":"la-force-des-images-et-la-beaute-epoustouflante-de-lecriture","status":"publish","type":"post","link":"https:\/\/linitiative.ca\/International\/la-force-des-images-et-la-beaute-epoustouflante-de-lecriture\/","title":{"rendered":"La force des images et la beaut\u00e9 \u00e9poustouflante de l\u2019\u00e9criture."},"content":{"rendered":"<p class=\"has-text-color has-vivid-cyan-blue-color c1\"><strong>Entretien avec Bouchta Farqzaid<\/strong><\/p>\n<p class=\"has-text-color has-vivid-red-color c2\"><strong>Par Noureddine Mhakkak<\/strong><\/p>\n<ul class=\"wp-block-gallery columns-2 is-cropped\">\n<li class=\"blocks-gallery-item\">\n<figure><img decoding=\"async\" src=\"http:\/\/albayane.press.ma\/wp-content\/uploads\/ouv211-2.jpg\" alt=\"\" data-id=\"111503\" class=\"wp-image-111503\"\/><\/figure>\n<\/li>\n<li class=\"blocks-gallery-item\">\n<figure><img decoding=\"async\" src=\"http:\/\/albayane.press.ma\/wp-content\/uploads\/Sans-titre-1-25.jpg\" alt=\"\" data-id=\"111504\" data-link=\"http:\/\/albayane.press.ma\/?attachment_id=111504#main\" class=\"wp-image-111504\"\/><\/figure>\n<\/li>\n<\/ul>\n<ul class=\"wp-block-gallery columns-2 is-cropped\">\n<li class=\"blocks-gallery-item\">\n<figure><img decoding=\"async\" src=\"http:\/\/albayane.press.ma\/wp-content\/uploads\/ouv4-22.jpg\" alt=\"\" data-id=\"111505\" class=\"wp-image-111505\"\/><\/figure>\n<\/li>\n<li class=\"blocks-gallery-item\">\n<figure><img decoding=\"async\" src=\"http:\/\/albayane.press.ma\/wp-content\/uploads\/ouv1-54.jpg\" alt=\"\" data-id=\"111506\" data-link=\"http:\/\/albayane.press.ma\/?attachment_id=111506#main\" class=\"wp-image-111506\"\/><\/figure>\n<\/li>\n<\/ul>\n<p><strong>Bouchta Farqzaid. N\u00e9 \u00e0 Khouribga (Maroc). \u00c9tudes universitaires au Maroc et en France. A \u00e9crit des dizaines d\u2019articles (image, cin\u00e9ma, critique) et des nouvelles dans la presse marocaine (Al Bayane, Lib\u00e9ration, Le Reporter, \u2026etc.) et des revues sp\u00e9cialis\u00e9es \u00ab Cine.ma \u00bb, \u00ab Cine.Mag\u00bb. Communications sur le cin\u00e9ma. Docteur en Litt\u00e9rature G\u00e9n\u00e9rale et Compar\u00e9e, il est actuellement professeur universitaire \u00e0 la Facult\u00e9 des Lettres et des Sciences Humaines, Universit\u00e9 le Sultan Moulay Slimane, Beni Mellal, Maroc. Il a publi\u00e9 les ouvrages suivants : \u00ab L\u2019Image chez Roland Barthes \u00bb, \u00ab Cin\u00e9ma marocain \u00bb, \u00ab Photographie et cin\u00e9ma \u00bb, \u00ab Cin\u00e9ma et Litt\u00e9rature \u00bb, \u00ab Pour un cin\u00e9ma au pluriel \u00bb et bien d\u2019autres.<\/strong><\/p>\n<p class=\"has-text-color c3\"><strong>Que repr\u00e9sentent les arts et les lettres pour vous ?<\/strong><\/p>\n<p>\u00a0 Les Lettres et les Arts me permettent d\u2019abord de vivre d\u2019autres vies, voir d\u2019autres univers, de rencontrer d\u2019autres cr\u00e9atures. Sans ces premiers ma vie serait une grande <em>erreur<\/em>, pour r\u00e9pondre un peu Nietzsche. Ils m\u2019ont permis de rena\u00eetre. La bande dessin\u00e9e m\u2019\u00e9tait d\u2019un tr\u00e8s grand secours lors de mon enfance avant que je d\u00e9couvre le monde du th\u00e9\u00e2tre et du cin\u00e9ma qui m\u2019ont \u00e9clair\u00e9 le chemin. Autodidacte, le premier livre que j\u2019ai lu \u00e9tait \u00ab\u00a0<em>Ainsi m\u2019a racont\u00e9 Abou Houraira<\/em>\u00a0\u00bb du tunisien Mohamed Masaidi. J\u2019en \u00e9tais absolument fascin\u00e9 par la force des images et la beaut\u00e9 \u00e9poustouflante de l\u2019\u00e9criture.<\/p>\n<p class=\"has-text-color c3\"><strong>Que repr\u00e9sente l\u2019\u00e9criture pour vous ?<\/strong><\/p>\n<p>La lecture est un acte rituel qui ponctue ma journ\u00e9e. Je lis entre six et huit heures par jour. Mes lectures sont principalement en arabe et en fran\u00e7ais et concernent pratiquement le cin\u00e9ma, la philosophie et la litt\u00e9rature. En r\u00e9alit\u00e9, j\u2019\u00e9cris en prenant des notes et j\u2019\u00e9cris en r\u00e9digeant des textes d\u2019essai ou de fiction. Pour moi, la lecture est une n\u00e9cessit\u00e9, l\u2019\u00e9criture un d\u00e9sir.<\/p>\n<p class=\"has-text-color c3\"><strong>Parlez-nous des villes que vous avez visit\u00e9es et qui ont laiss\u00e9 une remarquable trace dans votre parcours litt\u00e9raire.<\/strong><\/p>\n<p>La ville qui a beaucoup marqu\u00e9 est d\u2019abord Khouribga, ma ville natale, o\u00f9 j\u2019ai pass\u00e9 une enfance malheureuse, tr\u00e8s malheureuse, dans une famille tr\u00e8s pauvre. J\u2019ai fait l\u2019exp\u00e9rience, comme les autres enfants de mon quartier, de l\u2019horreur des maladies, de la violence, de la p\u00e9nurie de la nourriture, de la mort des proches, de l\u2019injustice.<\/p>\n<p>Viennent ensuite Marrakech, Tanger, Paris et Bologne. Pour moi, ce sont des villes romanesques\/imaginaires. Je m\u2019y sentais un personnage de roman. J\u2019y ai le sentiment que je suis le personnage principal et les autres ne sont que des figurants. Mots et mets sont indissociables. Ballades, rencontres, \u00e9tudes\u2026<\/p>\n<p class=\"has-text-color c3\"><strong>Que repr\u00e9sente la beaut\u00e9 pour vous ?<\/strong><\/p>\n<p>\u00a0La notion de beaut\u00e9 est relative. Elle est d\u00e9termin\u00e9e par des facteurs culturels, cultuels et psychologiques. Ainsi, la beaut\u00e9 de la femme en Afrique noire est un exemple frappant (la femme-girafe). Pour moi, il s\u2019agit de quelque chose, naturel ou artistique, qui \u00e9meut, secoue mon esprit. Un paysage, un tableau de peinture, un film, une chanson, un geste, une rencontre, un mot\u2026 La beaut\u00e9 rel\u00e8ve de la jouissance et du plaisir. Car, ce dernier est du c\u00f4t\u00e9 du banal, du public, de la b\u00eatise. La beaut\u00e9 a une dimension tragique\u00a0; elle couronne le h\u00e9ros qui lutte contre la laideur de la vie pour vivre ou mourir sous les auspices du bonheur. Autrement dit, la beaut\u00e9 est toujours dionysiaque non apollonienne.\u00a0<\/p>\n<p class=\"has-text-color c3\"><strong>Parlez-nous des livres que vous avez d\u00e9j\u00e0 lus et qui ont marqu\u00e9 vos pens\u00e9es<\/strong><\/p>\n<p>Quelques livres m\u2019ont vraiment marqu\u00e9 comme \u00ab\u00a0<em>Ainsi m\u2019a racont\u00e9 Abou Houraira<\/em>\u00a0\u00bb du tunisien Mohamed Masaidi, <em>L\u2019\u00c9tranger<\/em> d\u2019Albert Camus, <em>La Chambre<\/em> <em>claire<\/em> de Roland Barthes, <em>Ainsi parlait Zarathoustra<\/em> de F. Nietzsche. Pour les films, il y a <em>Mirage<\/em> d\u2019Ahmed Bouanani, <em>Yeleen<\/em> (Lumi\u00e8re) de Suleiman Ciss\u00e9 <em>Le Salon de la musique<\/em> de Satyajit Ray, <em>Le Cuirass\u00e9e Potemkine<\/em> de Sergue\u00ef Eisenstein, <em>La Momie<\/em> de Shadi Abdessalam \u2026<\/p>\n<p>Auteur: M&rsquo;hammed rahal<br \/>\n<a href=\"http:\/\/albayane.press.ma\/la-force-des-images-et-la-beaute-epoustouflante-de-lecriture-2.html\">Cliquez ici pour lire l&rsquo;article depuis sa source.<\/a><\/p>\n","protected":false},"excerpt":{"rendered":"<p>Entretien avec Bouchta Farqzaid Par Noureddine Mhakkak Bouchta Farqzaid. N\u00e9 \u00e0 Khouribga (Maroc). \u00c9tudes universitaires au Maroc et en France. A \u00e9crit des dizaines d\u2019articles (image, cin\u00e9ma, critique) et des nouvelles dans la presse marocaine (Al Bayane, Lib\u00e9ration, Le Reporter, \u2026etc.) et des revues sp\u00e9cialis\u00e9es \u00ab Cine.ma \u00bb, \u00ab Cine.Mag\u00bb. Communications sur le cin\u00e9ma. Docteur [&hellip;]<\/p>\n","protected":false},"author":1760,"featured_media":0,"comment_status":"closed","ping_status":"closed","sticky":false,"template":"","format":"standard","meta":{"fifu_image_url":"http:\/\/albayane.press.ma\/wp-content\/uploads\/ouv211-2.jpg","fifu_image_alt":"La force des images et la beaut\u00e9 \u00e9poustouflante de l\u2019\u00e9criture.","footnotes":""},"categories":[73,54],"tags":[],"class_list":["post-115879","post","type-post","status-publish","format-standard","hentry","category-actualite","category-maroc"],"_links":{"self":[{"href":"https:\/\/linitiative.ca\/International\/wp-json\/wp\/v2\/posts\/115879","targetHints":{"allow":["GET"]}}],"collection":[{"href":"https:\/\/linitiative.ca\/International\/wp-json\/wp\/v2\/posts"}],"about":[{"href":"https:\/\/linitiative.ca\/International\/wp-json\/wp\/v2\/types\/post"}],"author":[{"embeddable":true,"href":"https:\/\/linitiative.ca\/International\/wp-json\/wp\/v2\/users\/1760"}],"replies":[{"embeddable":true,"href":"https:\/\/linitiative.ca\/International\/wp-json\/wp\/v2\/comments?post=115879"}],"version-history":[{"count":0,"href":"https:\/\/linitiative.ca\/International\/wp-json\/wp\/v2\/posts\/115879\/revisions"}],"wp:attachment":[{"href":"https:\/\/linitiative.ca\/International\/wp-json\/wp\/v2\/media?parent=115879"}],"wp:term":[{"taxonomy":"category","embeddable":true,"href":"https:\/\/linitiative.ca\/International\/wp-json\/wp\/v2\/categories?post=115879"},{"taxonomy":"post_tag","embeddable":true,"href":"https:\/\/linitiative.ca\/International\/wp-json\/wp\/v2\/tags?post=115879"}],"curies":[{"name":"wp","href":"https:\/\/api.w.org\/{rel}","templated":true}]}}