{"id":115881,"date":"2021-04-29T14:00:58","date_gmt":"2021-04-29T18:00:58","guid":{"rendered":"https:\/\/linitiative.ca\/International\/legalisation-du-kif-au-maroc-un-pas-en-avant-mais-un-bon-bout-de-chemin-reste-a-faire\/"},"modified":"2021-04-29T14:00:58","modified_gmt":"2021-04-29T18:00:58","slug":"legalisation-du-kif-au-maroc-un-pas-en-avant-mais-un-bon-bout-de-chemin-reste-a-faire","status":"publish","type":"post","link":"https:\/\/linitiative.ca\/International\/legalisation-du-kif-au-maroc-un-pas-en-avant-mais-un-bon-bout-de-chemin-reste-a-faire\/","title":{"rendered":"L\u00e9galisation du kif au Maroc : un pas en avant, mais un bon bout de chemin reste \u00e0 faire \u2026"},"content":{"rendered":"<p class=\"has-text-color c1\"><strong>Webinaire du PPS sur l\u00e9galisation de la culture et de l\u2019industrialisation du cannabis au Maroc<\/strong><\/p>\n<p class=\"has-text-color has-vivid-red-color c2\"><strong>Darfaf Khalid<\/strong><\/p>\n<ul class=\"wp-block-gallery aligncenter columns-2 is-cropped\">\n<li class=\"blocks-gallery-item\">\n<figure><img decoding=\"async\" src=\"http:\/\/albayane.press.ma\/wp-content\/uploads\/2k.jpg\" alt=\"\" data-id=\"111550\" class=\"wp-image-111550\"\/><\/figure>\n<\/li>\n<li class=\"blocks-gallery-item\">\n<figure><img decoding=\"async\" src=\"http:\/\/albayane.press.ma\/wp-content\/uploads\/OUV2-18.jpg\" alt=\"\" data-id=\"111560\" data-link=\"http:\/\/albayane.press.ma\/?attachment_id=111560#main\" class=\"wp-image-111560\"\/><\/figure>\n<\/li>\n<\/ul>\n<p class=\"has-text-color has-vivid-cyan-blue-color\"><strong>Dans le cadre des pr\u00e9paratifs relatifs \u00e0 l\u2019\u00e9laboration de son programme \u00e9lectoral et conform\u00e9ment \u00e0 son approche participative, le Parti du progr\u00e8s et du socialisme (PPS) a organis\u00e9, mardi 26 avril, une conf\u00e9rence \u00e0 distance autour du th\u00e8me \u00ab\u00a0Contexte de la l\u00e9galisation de la culture et de l\u2019industrialisation du cannabis au Maroc \u00e0 la lumi\u00e8re du projet de loi 13.21\u00a0\u00bb. Pr\u00e9sid\u00e9 et introduite par le Secr\u00e9taire g\u00e9n\u00e9ral du Parti, Mohamed Nabil Benabdallah, cette rencontre a \u00e9t\u00e9 mod\u00e9r\u00e9e par Aicha Lablaq, membre du Bureau politique du Parti et pr\u00e9sidente du Groupement parlementaire du progr\u00e8s et du socialisme (GPPS).<\/strong><\/p>\n<p>La conf\u00e9rence a vu la participation d\u2019\u00e9minents chercheurs, experts et militants associatifs, \u00e0 savoir \u00a0Mohamed Lahmamouchi, professeur \u00e0 l\u2019Universit\u00e9 Montr\u00e9al au Canada et ancien pr\u00e9sident de l\u2019Union arabe des plantes m\u00e9dicinales et aromatiques, Chakib El Khiyari, coordinateur de l\u2019alliance marocaine pour l\u2019utilisation du cannabis \u00e0 des fins\u00a0 m\u00e9dicinales et industrielles, Abdellatif Ouammou, avocat et conseilleur du PPS \u00e0 la deuxi\u00e8me chambre du Parlement, Charif Adardak, acteur associatif et directeur de la revue Tidghine des recherches et d\u00e9veloppement, Mohamed Boudouah, professeur de l\u2019enseignement sup\u00e9rieur et Mohamed Lamrabti, \u00a0militant des droits de l\u2019Homme et chercheur sur les questions du Rif.<\/p>\n<p><strong>Benabdallah\u00a0: \u00ab\u00a0Mettre \u00e0 terme \u00e0 l\u2019exploitation des petits paysans\u00a0\u00bb<\/strong><\/p>\n<p>Dans son allocution introductive, Mohamed Nabil Benabdallah, leader du Parti du Livre a mis l\u2019accent sur les d\u00e9fis \u00e0 relever quant \u00e0 la mise en \u0153uvre de ce projet de loi. \u00a0\u00ab Nous ne pouvons que nous f\u00e9liciter de l\u2019organisation de cette rencontre qui t\u00e9moigne encore une fois\u00a0 que le Parti du progr\u00e8s et du socialisme (PPS)\u00a0 d\u00e9bat de toutes les questions principales voire primordiales qui traversent la soci\u00e9t\u00e9 marocaine \u00bb, a-t-il not\u00e9 en substance. Et d\u2019ajouter que ce projet de loi portant sur les usages licites du cannabis et\u00a0 qui suscite plusieurs questionnements constitue en lui-m\u00eame une initiative audacieuse. D\u2019ailleurs, a-t-il soulign\u00e9 que depuis que ce sujet a \u00e9t\u00e9 soumis au d\u00e9bat public, le PPS s\u2019est ing\u00e9ni\u00e9 \u00e0 l\u2019appr\u00e9hender\u00a0 non pas sous un angle de valeurs \u00e9thiques ou encore d\u2019un point de s\u00e9curitaire, tant s\u2019en faut!<\/p>\n<p>Ainsi, le conf\u00e9rencier s\u2019est interrog\u00e9 sur la pertinence de ce projet de loi et sa concr\u00e9tisation sur des bases claires, qui devraient \u00eatre fond\u00e9es sur un encadrement qui met un terme \u00e0 l\u2019abus de certains milieux qui exploitent de mani\u00e8re ill\u00e9gale les petits agriculteurs et paysans, condamn\u00e9s \u00e0 vendre leurs marchandises \u00e0 un prix d\u00e9raisonnable. \u00a0En termes plus clairs, si c\u2019est le cas et que la situation profitera encore \u00e0 ces milieux, le PPS ne peut que d\u00e9noncer ces actes et sera vent debout, a-t-il laiss\u00e9 entendre. \u00a0<\/p>\n<p>Il faut dire, selon le leader du Parti du Livre, que l\u2019instrumentalisation de la loi par ces milieux, portera certainement atteinte \u00e0 la r\u00e9putation de l\u2019Etat et \u00e0 sa stabilit\u00e9, indiquant dans ce sens que notre pays a \u00e9t\u00e9 menac\u00e9 dans sa s\u00e9curit\u00e9, en faisant allusion \u00e0 l\u2019argent issue de ce commerce illicite et son infiltration dans la sc\u00e8ne politique et que tout le monde s\u2019en rappelle. Cela \u00e9tant, l\u2019Etat est appel\u00e9 \u00e0 fixer l\u2019espace g\u00e9ographique\u00a0 destin\u00e9 \u00e0 la culture du cannabis en vue de barrer la route \u00e0 toutes les pratiques ill\u00e9gales\u00a0 de commerce ou encore d\u2019exploitation de la population locale. Le dirigeant du PPS n\u2019a pas manqu\u00e9 l\u2019occasion pour mettre l\u2019accent sur le fait que la quasi-majorit\u00e9 des familles qui vivent de la culture du cannabis sont des paysans plong\u00e9s dans la pauvret\u00e9 et qui se trouvent dans une situation d\u00e9sastreuse. \u00ab\u00a0Chaque famille a au moins\u00a0 un membre qui se trouve \u00e0 la prison \u00e0 cause d\u2019une affaire li\u00e9 \u00e0 la culture du cannabis\u00a0\u00bb, a-t-il not\u00e9. Autrement dit, l\u2019Etat est cens\u00e9 \u00e0 trouver une solution p\u00e9renne \u00e0 ces familles fragilis\u00e9s\u00a0 qui vivent de la culture du cannabis, et garantir \u00e0 travers ce projet une exploitation maitris\u00e9e dans les zones indiqu\u00e9es par la loi tout en luttant contre le risque d\u2019expansion\u00a0 et, par cons\u00e9quent, toute production excessive de cette plante, a-t-il averti. Le cas \u00e9ch\u00e9ant, le PPS va interagir positivement avec le sujet, a-t-il d\u00e9clar\u00e9 avec insistance, tout en notant que l projet de loi contient des possibilit\u00e9s importantes qui auront un impact positif sur les pauvres paysans. \u00a0\u00a0\u00a0\u00a0<\/p>\n<p>Par ailleurs, Aicha Lablaq n\u2019a pas manqu\u00e9 l\u2019occasion pour rappeler les positions de son Parti qui consiste dans le fait que la culture du cannabis et son industrialisation rel\u00e8ve d\u2019un registre sociale dont\u00a0 la finalit\u00e9 est celle de servir les int\u00e9r\u00eats du paysans et paysannes, l\u2019am\u00e9lioration de leur condition de vie et le d\u00e9veloppement de la r\u00e9gion. Et d\u2019ajouter que le Parti en abordant cette question, a pris le soin d\u2019adopter une d\u00e9marche participative impliquant les experts, des chercheurs acad\u00e9miques, des acteurs politiques et des droits de l\u2019Homme sans omettre les repr\u00e9sentants de la population locale.<\/p>\n<p><strong>Mohamed Lahmamouchi\u00a0:\u00a0\u00ab\u00a0d\u00e9velopper une strat\u00e9gie sectorielle\u00a0\u00bb<\/strong><\/p>\n<p>Quant \u00e0 Mohamed Lahmamouchi, il a consid\u00e9r\u00e9 que ce projet de loi est venu au moment opportun et s\u2019inscrit dans le cadre des d\u00e9veloppements et les changements d\u2019orientation \u00e0 l\u2019\u00e9chelle internationale par rapport \u00e0 la plante de cannabis, marqu\u00e9e essentiellement par l\u2019autorisation de son l\u2019utilisation \u00e0 des fins m\u00e9dicinales, pharmaceutiques ou esth\u00e9tiques. \u00ab\u00a0Il s\u2019agit d\u2019une d\u00e9cision politique importante\u00a0\u00bb, a-t-il indiqu\u00e9. Cependant, le professeur indique que le projet de loi contient quelques ambig\u00fcit\u00e9s en passant sur une d\u00e9finition pr\u00e9cise des diff\u00e9rentes types d\u2019utilisations m\u00e9dicinale ou et industrielle de la plante de cannabis. En sus de cela, l\u2019intervenant, tout en se r\u00e9f\u00e9rant \u00e0 des \u00e9tudes scientifiques,\u00a0 a fait savoir que les composantes chimiques de la plante du kif plant\u00e9e dans le Rif\u00a0 (THC, CBD)\u00a0 ne r\u00e9pondent pas aux besoins de l\u2019utilisation m\u00e9dicinale, comme c\u2019est le cas au Canada ou Isra\u00ebl. D\u2019o\u00f9 la n\u00e9cessit\u00e9 de conclure des partenariats gagnant-gagnant\u00a0 avec les grandes entreprises internationales op\u00e9rant dans le secteur afin de d\u00e9velopper de nouvelles variantes, qui correspondent aux objectifs fix\u00e9s par l\u2019Etat marocain. Pour ce faire, la mise en \u0153uvre d\u2019une strat\u00e9gie sectorielle, bas\u00e9e sur la recherche scientifique et l\u2019encadrement des coop\u00e9ratives est une condition sinon qua non pour mener \u00e0 bien ce projet, a-t-il avanc\u00e9.<\/p>\n<p><strong>Chakib El-Khayari\u00a0: un march\u00e9 prometteur<\/strong><\/p>\n<p>Chakib El Khiyari a indiqu\u00e9 que la production globale\u00a0 du cannabis destin\u00e9e \u00e0 l\u2019utilisation m\u00e9dicinale a connait une augmentation significative \u00e0 l\u2019\u00e9chelle mondiale, passant de 1,4T \u00e0\u00a0 86, 5 T en 2018, selon un rapport onusien. Encore plus, la demande mondiale sur la plante du cannabis n\u2019a cess\u00e9 de croitre, atteignant l\u2019ann\u00e9e en cours 344, 5T, a-t-il fait savoir. Abondant dans le m\u00eame ordre d\u2019id\u00e9es,\u00a0\u00a0 l\u2019intervenant a soulign\u00e9 que le chiffre d\u2019affaires du cannabis a \u00e9t\u00e9 estim\u00e9 \u00e0 16,5 milliards dollars, alors que les pr\u00e9visions pr\u00e9voient que ce chiffre d\u2019affaire atteindra\u00a0 44,4 milliards de dollars en 2024. Or, la question qui s\u2019impose selon lui, le Maroc sera- t-il capable de r\u00e9sister \u00e0 la concurrence internationale ?<\/p>\n<p>Sur un autre registre, l\u2019intervenant a exprim\u00e9 son \u00e9tonnement par rapport \u00e0 la r\u00e9serve\u00a0 du Parti de la Justice et du d\u00e9veloppement (PJD), qui a demand\u00e9 un avis du Conseil \u00e9conomique, sociale et environnementale (CESE), en pr\u00e9cisant que ce dernier a \u00e9mis son avis en 2017 consid\u00e9rant que la plante du cannabis fait partie des richesse naturelle du pays qu\u2019il faut la valoriser.<\/p>\n<p><strong>Abdellatif Ouammou\u00a0: \u00ab\u00a0Il faut abandonner les poursuites judicaires\u00a0\u00bb<\/strong><\/p>\n<p>Abdellatif Ouammou, conseilleur du PPS \u00e0 la deuxi\u00e8me Chambre du Parlement\u00a0 a jug\u00e9 que la culture du cannabis au Maroc a \u00e9t\u00e9 toujours soumise aux rapports de forces.\u00a0 Pour lui, le r\u00f4le de la soci\u00e9t\u00e9 civile, l\u2019augmentation de la demande notamment de la part de certains lobbies a fait que l\u2019Etat a proc\u00e9d\u00e9 \u00e0 une acc\u00e9l\u00e9ration de la cadence l\u00e9gislative\u00a0 acc\u00e9l\u00e9rer en l\u00e9gif\u00e9rant une loi de r\u00e9gulation de l\u2019utilisation de cette plante.\u00a0 Toutefois, l\u2019ex b\u00e2tonnier a mis l\u2019accent sur le fait que ce projet pose probl\u00e8me au niveau de la gouvernance \u00e9tant donn\u00e9 que le gouvernement s\u2019est appropri\u00e9 \u00e0 lui seul l\u2019initiative de promulguer les 8 d\u00e9crets r\u00e9gissant l\u2019application de la loi. Il est certes que ce projet constitue un acquis, mais, on n\u2019est pas encore sortie de la logique de sanction a-t-il averti. C\u2019est un projet de loi qui a \u00e9tabli des garde-fous en imposant des mesures restrictives, a-t-il expliqu\u00e9.\u00a0\u00a0<\/p>\n<p>Il a aussi appel\u00e9 l\u2019Etat \u00e0 abandonner les poursuites judiciaires \u00e0 l\u2019encontre des paysans et petits agriculteurs du cannabis. Certes, le projet de loi demeure un pas en avant, mais son application requiert un apaisement dans la r\u00e9gion du Rif et ce en prenant en consid\u00e9ration les conditions des agriculteurs qui sont opprim\u00e9s dans la r\u00e9gion. Comme quoi,\u00a0 la r\u00e9conciliation avec la population locale constitue une entr\u00e9e principale pour concr\u00e9tiser ce projet, a-t-il martel\u00e9. \u00a0\u00a0<\/p>\n<p><strong>Charif Adardak\u00a0:\u00a0\u00ab\u00a0 valoriser le cannabis de loisir\u00a0\u00bb<\/strong><\/p>\n<p>Abondant dans le m\u00eame ordre d\u2019id\u00e9es, Charif Adardak a estim\u00e9\u00a0 que la r\u00e9solution des probl\u00e8mes du Rif requiert la mise en place d\u2019une approche socio-\u00e9conomique, tout en soulignant que le texte de loi demeure ambigu\u00eb, \u00e9tant donn\u00e9 qu\u2019il parle de mani\u00e8re g\u00e9n\u00e9rale du cannabis et ne fait aucune allusion \u00e0 la plante du \u00ab\u00a0Kif\u00a0\u00bb, qui est une plante authentique purement \u00a0marocaine, en d\u00e9plorant dans ce sens le fait que le projet de loi a fait l\u2019impasse sur le cannabis de loisir, \u00e0 l\u2019instar du Pays-Bas. Il s\u2019agit pour lui d\u2019une plante qui refl\u00e8te une identit\u00e9 spatiale et qui fait partie de notre richesse nationale.<\/p>\n<p>Pour lui, la l\u00e9galisation de la plante pour une utilisation m\u00e9dicinale ne va point servir \u00e0 grand-chose la r\u00e9gion, qui a besoin d\u2019un plan Marshal. Autre point non moins important, celui de l\u2019Agence nationale de l\u00e9galisation des activit\u00e9s li\u00e9es \u00e0 la culture El Kif. En fait, a-t-il insist\u00e9, cette instance devrait \u00eatre install\u00e9e dans la r\u00e9gion du Rif en vue de donner un v\u00e9ritable sens au concept de la r\u00e9gionalisation et doit comprendre toutes les acteurs concern\u00e9s notamment les repr\u00e9sentants de la soci\u00e9t\u00e9 civile de la r\u00e9gion.\u00a0\u00a0<\/p>\n<p><strong>Mohamed Lamrabti\u00a0: \u00ab\u00a0 Un projet de loi qui anticipe la crise\u00a0\u00bb<\/strong><\/p>\n<p>Quant \u00e0 Mohamed Lamrabti, militant des droits de l\u2019Homme et chercheurs dans les questions du Rif, il a ax\u00e9 son intervention sur la dimension sociale et historique de la culture du Kif dans la r\u00e9gion. Il faut dire, selon lui, que cette plante, rev\u00eat chez la population locale une importance cruciale, incarnant un lien existentiel.<\/p>\n<p>Inscrivant son analyse dans une approche historique, le conf\u00e9rencier a expliqu\u00e9 comment \u00a0cette plante a constitu\u00e9 un moyen de r\u00e9sistance pour le mouvement national face \u00e0 l\u2019occupant et ce en appelant \u00e0\u00a0 boycotter \u00a0les produits du tabacs.\u00a0 Pour lui, le projet de loi constitue en lui-m\u00eame un programme qui vise \u00e0 anticiper la crise, indiquant dans ce sens que le souci de l\u2019Etat se situe loin de toute consid\u00e9ration p\u00e9cuniaire. \u00a0Au contraire, il s\u2019agit plut\u00f4t d\u2019un projet qui veut r\u00e9habilitation de \u00a0la r\u00e9gion, \u00a0la pr\u00e9servation de la richesse hydrique en vue \u00a0d\u2019endiguer la crise.\u00a0 \u00ab\u00a0C\u2019un projet prometteur qui ne fera pas certainement l\u2019affaire des grands b\u00e9n\u00e9ficiaires et les barons de la drogue\u00a0\u00bb, a-t-il conclu.<\/p>\n<p><strong>Mohamed Boudouah : \u00ab Renforcer le r\u00f4le des acteurs \u00bb<\/strong><\/p>\n<p>M\u00eame son de cloche chez Mohamed Boudouah, auteur d\u2019une th\u00e8se de doctorat sur la culture du cannais au Maroc,\u00a0 qui a appel\u00e9, pour sa part,\u00a0 au renforcement des r\u00f4les des acteurs et l\u2019am\u00e9lioration de des indicateurs de la gouvernance, notamment celles des coop\u00e9ratives et la fixation des attributions de chaque intervenant pour \u00e9viter tout chevauchement.<\/p>\n<p>Le professeur universitaire a aussi invit\u00e9 les d\u00e9cideurs des politiques publiques \u00e0 penser la strat\u00e9gie de l\u2019industrialisation et la maitrise de tout le processus de production tout en veillant \u00e0 impliquer les agricultures dans le processus d\u00e9cisionnel, a-t-il appel\u00e9\u00a0 avec insistance.<\/p>\n<p>Auteur: M&rsquo;hammed rahal<br \/>\n<a href=\"http:\/\/albayane.press.ma\/legalisation-du-kif-au-maroc-un-pas-en-avant-mais-un-bon-bout-de-chemin-reste-a-faire.html\">Cliquez ici pour lire l&rsquo;article depuis sa source.<\/a><\/p>\n","protected":false},"excerpt":{"rendered":"<p>Webinaire du PPS sur l\u00e9galisation de la culture et de l\u2019industrialisation du cannabis au Maroc Darfaf Khalid Dans le cadre des pr\u00e9paratifs relatifs \u00e0 l\u2019\u00e9laboration de son programme \u00e9lectoral et conform\u00e9ment \u00e0 son approche participative, le Parti du progr\u00e8s et du socialisme (PPS) a organis\u00e9, mardi 26 avril, une conf\u00e9rence \u00e0 distance autour du th\u00e8me [&hellip;]<\/p>\n","protected":false},"author":1760,"featured_media":0,"comment_status":"closed","ping_status":"closed","sticky":false,"template":"","format":"standard","meta":{"fifu_image_url":"http:\/\/albayane.press.ma\/wp-content\/uploads\/2k.jpg","fifu_image_alt":"L\u00e9galisation du kif au Maroc : un pas en avant, mais un bon bout de chemin reste \u00e0 faire \u2026","footnotes":""},"categories":[73,54],"tags":[],"class_list":["post-115881","post","type-post","status-publish","format-standard","hentry","category-actualite","category-maroc"],"_links":{"self":[{"href":"https:\/\/linitiative.ca\/International\/wp-json\/wp\/v2\/posts\/115881","targetHints":{"allow":["GET"]}}],"collection":[{"href":"https:\/\/linitiative.ca\/International\/wp-json\/wp\/v2\/posts"}],"about":[{"href":"https:\/\/linitiative.ca\/International\/wp-json\/wp\/v2\/types\/post"}],"author":[{"embeddable":true,"href":"https:\/\/linitiative.ca\/International\/wp-json\/wp\/v2\/users\/1760"}],"replies":[{"embeddable":true,"href":"https:\/\/linitiative.ca\/International\/wp-json\/wp\/v2\/comments?post=115881"}],"version-history":[{"count":0,"href":"https:\/\/linitiative.ca\/International\/wp-json\/wp\/v2\/posts\/115881\/revisions"}],"wp:attachment":[{"href":"https:\/\/linitiative.ca\/International\/wp-json\/wp\/v2\/media?parent=115881"}],"wp:term":[{"taxonomy":"category","embeddable":true,"href":"https:\/\/linitiative.ca\/International\/wp-json\/wp\/v2\/categories?post=115881"},{"taxonomy":"post_tag","embeddable":true,"href":"https:\/\/linitiative.ca\/International\/wp-json\/wp\/v2\/tags?post=115881"}],"curies":[{"name":"wp","href":"https:\/\/api.w.org\/{rel}","templated":true}]}}