{"id":115882,"date":"2021-04-30T04:00:05","date_gmt":"2021-04-30T08:00:05","guid":{"rendered":"https:\/\/linitiative.ca\/International\/celebration-de-la-journee-internationale-du-jazz-vendredi-30-avril-2021\/"},"modified":"2021-04-30T04:00:05","modified_gmt":"2021-04-30T08:00:05","slug":"celebration-de-la-journee-internationale-du-jazz-vendredi-30-avril-2021","status":"publish","type":"post","link":"https:\/\/linitiative.ca\/International\/celebration-de-la-journee-internationale-du-jazz-vendredi-30-avril-2021\/","title":{"rendered":"C\u00e9l\u00e9bration de la Journ\u00e9e internationale du Jazz \/ vendredi 30 avril 2021"},"content":{"rendered":"<p class=\"c1\">A l\u2019occasion de la c\u00e9l\u00e9bration de la Journ\u00e9e mondiale du jazz, le Bureau de l\u2019UNESCO pour le Maghreb a le plaisir de partager avec vous le message ci-dessous annon\u00e7ant pour\u00a0<strong>ce vendredi 30 avril 2021, de 15H \u00e0 17H (UTC), la Conf\u00e9rence \u00ab\u00a0Quelle est la place du jazz et des musiques improvis\u00e9es au sein des musiques actuelles au Maghreb ?\u00a0\u00bb et \u00e0 partir de 17H\u00a0(UTC),\u00a0la diffusion du Concert \u00ab\u00a0R\u00e9si\u2019Jazz\u00a0\u00bb de sortie de r\u00e9sidence d\u2019artistes marocains et tunisiens\u2019\u2019\u00a0(rediffusion \u00e0 21H).<\/strong><\/p>\n<p class=\"c1\"><strong>\u00a0<\/strong><\/p>\n<p class=\"c1\">Ces deux \u00e9v\u00e8nement seront diffus\u00e9s aux horaires indiqu\u00e9s sur les canaux suivants\u00a0:<\/p>\n<p class=\"c1\"><strong>Facebook\u00a0:<\/strong>\u00a0<span class=\"c3\"><a href=\"https:\/\/www.facebook.com\/anya.musicforall\" data-saferedirecturl=\"https:\/\/www.google.com\/url?q=https:\/\/www.facebook.com\/anya.musicforall&amp;source=gmail&amp;ust=1619854951277000&amp;usg=AFQjCNHpaGh2Z-edYDSczYVBeKlNi6sabQ\">https:\/\/www.facebook.com\/anya.musicforall<\/a><\/span>\u00a0et\u00a0<span class=\"c3\"><a href=\"https:\/\/www.facebook.com\/FondationHIBA\" data-saferedirecturl=\"https:\/\/www.google.com\/url?q=https:\/\/www.facebook.com\/FondationHIBA&amp;source=gmail&amp;ust=1619854951277000&amp;usg=AFQjCNENsxqEFr_HFvwo8ZL1_9cIN5rZig\">https:\/\/www.facebook.com\/FondationHIBA<\/a><\/span><\/p>\n<p class=\"c1\"><strong>YouTube\u00a0:\u00a0<\/strong>Anya \u2013 Music for All (<span class=\"c3\"><a href=\"https:\/\/www.youtube.com\/channel\/UCxLltNvgtfhniQIwMxNjVzQ\" data-saferedirecturl=\"https:\/\/www.google.com\/url?q=https:\/\/www.youtube.com\/channel\/UCxLltNvgtfhniQIwMxNjVzQ&amp;source=gmail&amp;ust=1619854951277000&amp;usg=AFQjCNEtfFrRJlPTMyDLCwlw8qurdaQvWw\">https:\/\/<\/a><a href=\"https:\/\/www.youtube.com\/channel\/UCxLltNvgtfhniQIwMxNjVzQ\" data-saferedirecturl=\"https:\/\/www.google.com\/url?q=https:\/\/www.youtube.com\/channel\/UCxLltNvgtfhniQIwMxNjVzQ&amp;source=gmail&amp;ust=1619854951277000&amp;usg=AFQjCNEtfFrRJlPTMyDLCwlw8qurdaQvWw\">www.youtube.com\/channel\/UCxLltNvgtfhniQIwMxNjVzQ<\/a><\/span>) et Fondation Hiba (<span class=\"c3\"><a href=\"https:\/\/www.youtube.com\/channel\/UCi0garf4FUcxEH4kUPTJjPA\" data-saferedirecturl=\"https:\/\/www.google.com\/url?q=https:\/\/www.youtube.com\/channel\/UCi0garf4FUcxEH4kUPTJjPA&amp;source=gmail&amp;ust=1619854951277000&amp;usg=AFQjCNGZ65YIk8stJJqwm9arO3qsFJ6ekA\">https:\/\/www.youtube.com\/channel\/UCi0garf4FUcxEH4kUPTJjPA<\/a><\/span>)<\/p>\n<p class=\"c1\">Vous trouverez ci-dessous, \u00e0 toutes fins utiles, les liens\u00a0fournissant des informations sur les deux \u00e9v\u00e9nements\u00a0:<\/p>\n<p class=\"c1\"><a href=\"https:\/\/fr.unesco.org\/news\/conference-quelle-est-place-du-jazz-musiques-improvisees-au-sein-musiques-actuelles-au-maghreb\" data-saferedirecturl=\"https:\/\/www.google.com\/url?q=https:\/\/fr.unesco.org\/news\/conference-quelle-est-place-du-jazz-musiques-improvisees-au-sein-musiques-actuelles-au-maghreb&amp;source=gmail&amp;ust=1619854951277000&amp;usg=AFQjCNER8crnk4ydTs39wu0TjuKaHuuEcw\">https:\/\/fr.unesco.org\/news\/conference-quelle-est-place-du-jazz-musiques-improvisees-au-sein-musiques-actuelles-au-maghreb<\/a><\/p>\n<p class=\"c1\"><a href=\"https:\/\/fr.unesco.org\/news\/concert-resijazz-sortie-residence-dartistes-marocains-tunisiens\" data-saferedirecturl=\"https:\/\/www.google.com\/url?q=https:\/\/fr.unesco.org\/news\/concert-resijazz-sortie-residence-dartistes-marocains-tunisiens&amp;source=gmail&amp;ust=1619854951278000&amp;usg=AFQjCNFUzD6UJT_efXoSJwECYNzUD7f2dQ\">https:\/\/fr.unesco.org\/news\/concert-resijazz-sortie-residence-dartistes-marocains-tunisiens<\/a><\/p>\n<p class=\"c1\"><img loading=\"lazy\" decoding=\"async\" class=\"alignnone wp-image-19911 size-full\" src=\"http:\/\/lexpertjournal.net\/fr\/wp-content\/uploads\/sites\/2\/2021\/04\/image003.jpg\" alt=\"\" width=\"616\" height=\"345\" srcset=\"http:\/\/lexpertjournal.net\/fr\/wp-content\/uploads\/sites\/2\/2021\/04\/image003.jpg 616w, http:\/\/lexpertjournal.net\/fr\/wp-content\/uploads\/sites\/2\/2021\/04\/image003-300x168.jpg 300w\" sizes=\"auto, (max-width: 616px) 100vw, 616px\"\/><\/p>\n<div class=\"wp-post-author-wrap wp-post-author-shortcode left\">\n<h3 class=\"awpa-title\"\/>\n<div class=\"wp-post-author\">\n<div class=\"awpa-img awpa-author-block square\"><a href=\"http:\/\/lexpertjournal.net\/fr\/?author=5\"><img loading=\"lazy\" decoding=\"async\" alt=\"\" src=\"http:\/\/0.gravatar.com\/avatar\/97f8e10a1c1125ba104a76514ee07b16?s=150&amp;d=mm&amp;r=g\" srcset=\"http:\/\/0.gravatar.com\/avatar\/97f8e10a1c1125ba104a76514ee07b16?s=300&amp;d=mm&amp;r=g 2x\" class=\"avatar avatar-150 photo\" height=\"150\" width=\"150\"\/><\/a><\/div>\n<\/div>\n<\/div>\n<aside class=\"mashsb-container mashsb-main mashsb-stretched\">\n<\/aside>\n<p>Auteur: L&rsquo;expert<br \/>\n<a href=\"http:\/\/lexpertjournal.net\/fr\/?p=19910\">Cliquez ici pour lire l&rsquo;article depuis sa source.<\/a><\/p>\n","protected":false},"excerpt":{"rendered":"<p>A l\u2019occasion de la c\u00e9l\u00e9bration de la Journ\u00e9e mondiale du jazz, le Bureau de l\u2019UNESCO pour le Maghreb a le plaisir de partager avec vous le message ci-dessous annon\u00e7ant pour\u00a0ce vendredi 30 avril 2021, de 15H \u00e0 17H (UTC), la Conf\u00e9rence \u00ab\u00a0Quelle est la place du jazz et des musiques improvis\u00e9es au sein des musiques [&hellip;]<\/p>\n","protected":false},"author":1775,"featured_media":0,"comment_status":"closed","ping_status":"closed","sticky":false,"template":"","format":"standard","meta":{"fifu_image_url":"http:\/\/lexpertjournal.net\/fr\/wp-content\/uploads\/sites\/2\/2021\/04\/image003.jpg","fifu_image_alt":"C\u00e9l\u00e9bration de la Journ\u00e9e internationale du Jazz \/ vendredi 30 avril 2021","footnotes":""},"categories":[78,55],"tags":[],"class_list":["post-115882","post","type-post","status-publish","format-standard","hentry","category-economie","category-tunisie"],"_links":{"self":[{"href":"https:\/\/linitiative.ca\/International\/wp-json\/wp\/v2\/posts\/115882","targetHints":{"allow":["GET"]}}],"collection":[{"href":"https:\/\/linitiative.ca\/International\/wp-json\/wp\/v2\/posts"}],"about":[{"href":"https:\/\/linitiative.ca\/International\/wp-json\/wp\/v2\/types\/post"}],"author":[{"embeddable":true,"href":"https:\/\/linitiative.ca\/International\/wp-json\/wp\/v2\/users\/1775"}],"replies":[{"embeddable":true,"href":"https:\/\/linitiative.ca\/International\/wp-json\/wp\/v2\/comments?post=115882"}],"version-history":[{"count":0,"href":"https:\/\/linitiative.ca\/International\/wp-json\/wp\/v2\/posts\/115882\/revisions"}],"wp:attachment":[{"href":"https:\/\/linitiative.ca\/International\/wp-json\/wp\/v2\/media?parent=115882"}],"wp:term":[{"taxonomy":"category","embeddable":true,"href":"https:\/\/linitiative.ca\/International\/wp-json\/wp\/v2\/categories?post=115882"},{"taxonomy":"post_tag","embeddable":true,"href":"https:\/\/linitiative.ca\/International\/wp-json\/wp\/v2\/tags?post=115882"}],"curies":[{"name":"wp","href":"https:\/\/api.w.org\/{rel}","templated":true}]}}