{"id":115886,"date":"2021-04-30T06:55:28","date_gmt":"2021-04-30T10:55:28","guid":{"rendered":"https:\/\/linitiative.ca\/International\/le-service-covid-a-100-de-sa-capacite-a-lhopital-regional-de-tataouine\/"},"modified":"2021-04-30T06:55:28","modified_gmt":"2021-04-30T10:55:28","slug":"le-service-covid-a-100-de-sa-capacite-a-lhopital-regional-de-tataouine","status":"publish","type":"post","link":"https:\/\/linitiative.ca\/International\/le-service-covid-a-100-de-sa-capacite-a-lhopital-regional-de-tataouine\/","title":{"rendered":"Le service Covid \u00e0 100% de sa capacit\u00e9 \u00e0 l\u2019h\u00f4pital r\u00e9gional de Tataouine"},"content":{"rendered":"<p>Pour avoir atteint 100% de sa capacit\u00e9, le service Covid de l\u2019h\u00f4pital r\u00e9gional de Tataouine n\u2019est plus en mesure d\u2019accueillir de patients, ce qui a suscit\u00e9 une vague de col\u00e8re parmi les habitants.<\/p>\n<p>Face \u00e0 cette situation, les habitants appellent les autorit\u00e9s r\u00e9gionales \u00e0 trouver une solution en signant des contrats avec un staff param\u00e9dical pour pouvoir profiter de la nouvelle unit\u00e9 Covid \u00a0sans attendre \u00a0les recrutements du minist\u00e8re qui pourraient \u00a0demander beaucoup de temps et de longues proc\u00e9dures.<\/p>\n<p><strong>\u00a0Source : espacemanager<\/strong><\/p>\n<div class=\"wp-post-author-wrap wp-post-author-shortcode left\">\n<h3 class=\"awpa-title\"\/>\n<div class=\"wp-post-author\">\n<div class=\"awpa-img awpa-author-block square\"><a href=\"http:\/\/lexpertjournal.net\/fr\/?author=5\"><img loading=\"lazy\" decoding=\"async\" alt=\"\" src=\"http:\/\/0.gravatar.com\/avatar\/97f8e10a1c1125ba104a76514ee07b16?s=150&amp;d=mm&amp;r=g\" srcset=\"http:\/\/0.gravatar.com\/avatar\/97f8e10a1c1125ba104a76514ee07b16?s=300&amp;d=mm&amp;r=g 2x\" class=\"avatar avatar-150 photo\" height=\"150\" width=\"150\"\/><\/a><\/div>\n<\/div>\n<\/div>\n<aside class=\"mashsb-container mashsb-main mashsb-stretched\">\n<\/aside>\n<p>Auteur: L&rsquo;expert<br \/>\n<a href=\"http:\/\/lexpertjournal.net\/fr\/?p=19923\">Cliquez ici pour lire l&rsquo;article depuis sa source.<\/a><\/p>\n","protected":false},"excerpt":{"rendered":"<p>Pour avoir atteint 100% de sa capacit\u00e9, le service Covid de l\u2019h\u00f4pital r\u00e9gional de Tataouine n\u2019est plus en mesure d\u2019accueillir de patients, ce qui a suscit\u00e9 une vague de col\u00e8re parmi les habitants. Face \u00e0 cette situation, les habitants appellent les autorit\u00e9s r\u00e9gionales \u00e0 trouver une solution en signant des contrats avec un staff param\u00e9dical [&hellip;]<\/p>\n","protected":false},"author":1775,"featured_media":0,"comment_status":"closed","ping_status":"closed","sticky":false,"template":"","format":"standard","meta":{"fifu_image_url":"http:\/\/0.gravatar.com\/avatar\/97f8e10a1c1125ba104a76514ee07b16?s=150&d=mm&r=g","fifu_image_alt":"Le service Covid \u00e0 100% de sa capacit\u00e9 \u00e0 l\u2019h\u00f4pital r\u00e9gional de Tataouine","footnotes":""},"categories":[78,55],"tags":[],"class_list":["post-115886","post","type-post","status-publish","format-standard","hentry","category-economie","category-tunisie"],"_links":{"self":[{"href":"https:\/\/linitiative.ca\/International\/wp-json\/wp\/v2\/posts\/115886","targetHints":{"allow":["GET"]}}],"collection":[{"href":"https:\/\/linitiative.ca\/International\/wp-json\/wp\/v2\/posts"}],"about":[{"href":"https:\/\/linitiative.ca\/International\/wp-json\/wp\/v2\/types\/post"}],"author":[{"embeddable":true,"href":"https:\/\/linitiative.ca\/International\/wp-json\/wp\/v2\/users\/1775"}],"replies":[{"embeddable":true,"href":"https:\/\/linitiative.ca\/International\/wp-json\/wp\/v2\/comments?post=115886"}],"version-history":[{"count":0,"href":"https:\/\/linitiative.ca\/International\/wp-json\/wp\/v2\/posts\/115886\/revisions"}],"wp:attachment":[{"href":"https:\/\/linitiative.ca\/International\/wp-json\/wp\/v2\/media?parent=115886"}],"wp:term":[{"taxonomy":"category","embeddable":true,"href":"https:\/\/linitiative.ca\/International\/wp-json\/wp\/v2\/categories?post=115886"},{"taxonomy":"post_tag","embeddable":true,"href":"https:\/\/linitiative.ca\/International\/wp-json\/wp\/v2\/tags?post=115886"}],"curies":[{"name":"wp","href":"https:\/\/api.w.org\/{rel}","templated":true}]}}