{"id":115887,"date":"2021-04-30T11:38:04","date_gmt":"2021-04-30T15:38:04","guid":{"rendered":"https:\/\/linitiative.ca\/International\/session-de-formation-sur-la-mediation-familiale\/"},"modified":"2021-04-30T11:38:04","modified_gmt":"2021-04-30T15:38:04","slug":"session-de-formation-sur-la-mediation-familiale","status":"publish","type":"post","link":"https:\/\/linitiative.ca\/International\/session-de-formation-sur-la-mediation-familiale\/","title":{"rendered":"Session de formation sur la m\u00e9diation familiale"},"content":{"rendered":"<div readability=\"36\">\n<p>Essaouira \u2013 Une session de formation sur la m\u00e9diation familiale a \u00e9t\u00e9 organis\u00e9e, mercredi et jeudi \u00e0 Essaouira, au profit d\u2019acteurs locaux \u00e0 l\u2019initiative de l\u2019association f\u00e9minine El Khir.<\/p>\n<\/div>\n<div readability=\"96\">\n<p>Cette session de deux jours, anim\u00e9e par Dr Mohsine Benzakour, professeur de psychologie et m\u00e9diateur agr\u00e9\u00e9, est la troisi\u00e8me du genre organis\u00e9e dans le cadre d\u2019un cycle de formation, initi\u00e9 par ladite association au profit de ses partenaires actifs dans le domaine de la m\u00e9diation familiale et ce, dans le cadre du projet du Centre de m\u00e9diation familiale, r\u00e9alis\u00e9 en partenariat avec le minist\u00e8re du D\u00e9veloppement Social, de la Famille et de la Solidarit\u00e9, et l\u2019Agence du D\u00e9veloppement social.<\/p>\n<p>Ces sessions de formation visent essentiellement \u00e0 renforcer les capacit\u00e9s des acteurs op\u00e9rant dans ce domaine et \u00e0 les doter des techniques et m\u00e9canismes de m\u00e9diation et de r\u00e8glement des conflits conjugaux, ainsi que des comp\u00e9tences n\u00e9cessaires, \u00e0 m\u00eame de leur permettre de mieux s\u2019acquitter de leurs missions, a d\u00e9clar\u00e9 \u00e0 la MAP, la coordinatrice de projets \u00e0 l\u2019Association El Khir, Mme Souad Dibi.<\/p>\n<p>Et d\u2019encha\u00eener que ledit centre de m\u00e9diation familiale s\u2019assigne pour mission de sensibiliser \u00e0 l\u2019importance de ce m\u00e9canisme dans la gestion et le r\u00e8glement des conflits familiaux et, partant, d\u2019att\u00e9nuer la pression sur les tribunaux surtout que plusieurs litiges peuvent \u00eatre r\u00e9gl\u00e9s \u00e0 travers la m\u00e9diation et la r\u00e9conciliation.<\/p>\n<p>A travers ce centre, l\u2019Association ambitionne de diffuser la culture du dialogue et de la n\u00e9gociation, et de consacrer les valeurs familiales, l\u2019objectif ultime \u00e9tant d\u2019inciter les gens \u00e0 recourir \u00e0 ce genre de centres, a-t-elle poursuivi.<\/p>\n<p>La m\u00e9diation permet aux parties au conflit de s\u2019arr\u00eater sur les v\u00e9ritables causes de leur d\u00e9saccord et d\u2019\u0153uvrer ainsi pour les surmonter afin de parvenir, eux m\u00eame, \u00e0 une solution, a indiqu\u00e9 Mme Dibi.<\/p>\n<p>De son c\u00f4t\u00e9, Dr Benzakour a pr\u00e9cis\u00e9 que cette session de formation r\u00e9unit diff\u00e9rents acteurs et intervenants op\u00e9rant dans divers domaines (juridique, social et associatif), outre des membres de l\u2019association f\u00e9minine El Khir, actifs dans le domaine de la m\u00e9diation.<\/p>\n<p>Au cours de cette formation, a-t-il not\u00e9, l\u2019accent a \u00e9t\u00e9 mis sur la communication et le dialogue bas\u00e9 sur la conviction, mais dans l\u2019int\u00e9r\u00eat de la famille, a soulign\u00e9 M. Benzakour.<\/p>\n<p>La formation a \u00e9t\u00e9 \u00e9galement ax\u00e9e sur un troisi\u00e8me volet inh\u00e9rent \u00e0 \u00ab\u00a0la mani\u00e8re de n\u00e9gocier quand il s\u2019agit de conflit, non pas en attaquant la personne mais tout simplement en ayant l\u2019esprit innovateur pour chercher une solution appropri\u00e9e\u00a0\u00bb, a-t-il conclu.<\/p>\n<\/div>\n<p>Auteur: Meriem IGASS<br \/>\n<a href=\"http:\/\/www.mapmarrakech.ma\/fr\/session-de-formation-sur-la-mediation-familiale\/\">Cliquez ici pour lire l&rsquo;article depuis sa source.<\/a><\/p>\n","protected":false},"excerpt":{"rendered":"<p>Essaouira \u2013 Une session de formation sur la m\u00e9diation familiale a \u00e9t\u00e9 organis\u00e9e, mercredi et jeudi \u00e0 Essaouira, au profit d\u2019acteurs locaux \u00e0 l\u2019initiative de l\u2019association f\u00e9minine El Khir. Cette session de deux jours, anim\u00e9e par Dr Mohsine Benzakour, professeur de psychologie et m\u00e9diateur agr\u00e9\u00e9, est la troisi\u00e8me du genre organis\u00e9e dans le cadre d\u2019un [&hellip;]<\/p>\n","protected":false},"author":1788,"featured_media":0,"comment_status":"closed","ping_status":"closed","sticky":false,"template":"","format":"standard","meta":{"fifu_image_url":"","fifu_image_alt":"","footnotes":""},"categories":[54,76],"tags":[],"class_list":["post-115887","post","type-post","status-publish","format-standard","hentry","category-maroc","category-regions"],"_links":{"self":[{"href":"https:\/\/linitiative.ca\/International\/wp-json\/wp\/v2\/posts\/115887","targetHints":{"allow":["GET"]}}],"collection":[{"href":"https:\/\/linitiative.ca\/International\/wp-json\/wp\/v2\/posts"}],"about":[{"href":"https:\/\/linitiative.ca\/International\/wp-json\/wp\/v2\/types\/post"}],"author":[{"embeddable":true,"href":"https:\/\/linitiative.ca\/International\/wp-json\/wp\/v2\/users\/1788"}],"replies":[{"embeddable":true,"href":"https:\/\/linitiative.ca\/International\/wp-json\/wp\/v2\/comments?post=115887"}],"version-history":[{"count":0,"href":"https:\/\/linitiative.ca\/International\/wp-json\/wp\/v2\/posts\/115887\/revisions"}],"wp:attachment":[{"href":"https:\/\/linitiative.ca\/International\/wp-json\/wp\/v2\/media?parent=115887"}],"wp:term":[{"taxonomy":"category","embeddable":true,"href":"https:\/\/linitiative.ca\/International\/wp-json\/wp\/v2\/categories?post=115887"},{"taxonomy":"post_tag","embeddable":true,"href":"https:\/\/linitiative.ca\/International\/wp-json\/wp\/v2\/tags?post=115887"}],"curies":[{"name":"wp","href":"https:\/\/api.w.org\/{rel}","templated":true}]}}