{"id":115888,"date":"2021-04-30T11:49:38","date_gmt":"2021-04-30T15:49:38","guid":{"rendered":"https:\/\/linitiative.ca\/International\/distribution-de-caissons-isothermes-au-profit-des-pecheurs-artisanaux\/"},"modified":"2021-04-30T11:49:38","modified_gmt":"2021-04-30T15:49:38","slug":"distribution-de-caissons-isothermes-au-profit-des-pecheurs-artisanaux","status":"publish","type":"post","link":"https:\/\/linitiative.ca\/International\/distribution-de-caissons-isothermes-au-profit-des-pecheurs-artisanaux\/","title":{"rendered":"Distribution de caissons isothermes au profit des p\u00eacheurs artisanaux"},"content":{"rendered":"<p><iframe loading=\"lazy\" width=\"1170\" height=\"658\" src=\"https:\/\/www.youtube.com\/embed\/dMjQNpSHD9A?feature=oembed\" frameborder=\"0\" allow=\"accelerometer; autoplay; clipboard-write; encrypted-media; gyroscope; picture-in-picture\" allowfullscreen=\"allowfullscreen\">[embedded content]<\/iframe><\/p>\n<div class=\"single-post-excerpt post-excerpt-bc\" readability=\"42\">\n<p>Le Ministre de l\u2019Agriculture, de la P\u00eache Maritime, du D\u00e9veloppement Rural et des Eaux et For\u00eats, M. Aziz Akhannouch, a proc\u00e9d\u00e9, jeudi \u00e0 l\u2019Institut des Technologies des P\u00eaches Maritimes \u00e0 Safi, \u00e0 la distribution de caissons isothermes pour le stockage du poisson, au profit des p\u00eacheurs artisanaux de la province de Safi.<\/p>\n<\/div>\n<p>Auteur: Meriem IGASS<br \/>\n<a href=\"http:\/\/www.mapmarrakech.ma\/fr\/distribution-de-caissons-isothermes-au-profit-des-pecheurs-artisanaux-2\/\">Cliquez ici pour lire l&rsquo;article depuis sa source.<\/a><\/p>\n","protected":false},"excerpt":{"rendered":"<p>[embedded content] Le Ministre de l\u2019Agriculture, de la P\u00eache Maritime, du D\u00e9veloppement Rural et des Eaux et For\u00eats, M. Aziz Akhannouch, a proc\u00e9d\u00e9, jeudi \u00e0 l\u2019Institut des Technologies des P\u00eaches Maritimes \u00e0 Safi, \u00e0 la distribution de caissons isothermes pour le stockage du poisson, au profit des p\u00eacheurs artisanaux de la province de Safi. Auteur: [&hellip;]<\/p>\n","protected":false},"author":1788,"featured_media":0,"comment_status":"closed","ping_status":"closed","sticky":false,"template":"","format":"standard","meta":{"fifu_image_url":"","fifu_image_alt":"","footnotes":""},"categories":[54,76],"tags":[],"class_list":["post-115888","post","type-post","status-publish","format-standard","hentry","category-maroc","category-regions"],"_links":{"self":[{"href":"https:\/\/linitiative.ca\/International\/wp-json\/wp\/v2\/posts\/115888","targetHints":{"allow":["GET"]}}],"collection":[{"href":"https:\/\/linitiative.ca\/International\/wp-json\/wp\/v2\/posts"}],"about":[{"href":"https:\/\/linitiative.ca\/International\/wp-json\/wp\/v2\/types\/post"}],"author":[{"embeddable":true,"href":"https:\/\/linitiative.ca\/International\/wp-json\/wp\/v2\/users\/1788"}],"replies":[{"embeddable":true,"href":"https:\/\/linitiative.ca\/International\/wp-json\/wp\/v2\/comments?post=115888"}],"version-history":[{"count":0,"href":"https:\/\/linitiative.ca\/International\/wp-json\/wp\/v2\/posts\/115888\/revisions"}],"wp:attachment":[{"href":"https:\/\/linitiative.ca\/International\/wp-json\/wp\/v2\/media?parent=115888"}],"wp:term":[{"taxonomy":"category","embeddable":true,"href":"https:\/\/linitiative.ca\/International\/wp-json\/wp\/v2\/categories?post=115888"},{"taxonomy":"post_tag","embeddable":true,"href":"https:\/\/linitiative.ca\/International\/wp-json\/wp\/v2\/tags?post=115888"}],"curies":[{"name":"wp","href":"https:\/\/api.w.org\/{rel}","templated":true}]}}