{"id":115889,"date":"2021-04-30T13:18:40","date_gmt":"2021-04-30T17:18:40","guid":{"rendered":"https:\/\/linitiative.ca\/International\/la-medersa-de-sidi-el-mokhtar-un-minaret-lumineux-du-soufisme\/"},"modified":"2021-04-30T13:18:40","modified_gmt":"2021-04-30T17:18:40","slug":"la-medersa-de-sidi-el-mokhtar-un-minaret-lumineux-du-soufisme","status":"publish","type":"post","link":"https:\/\/linitiative.ca\/International\/la-medersa-de-sidi-el-mokhtar-un-minaret-lumineux-du-soufisme\/","title":{"rendered":"La Medersa de Sidi El Mokhtar, \u00ab\u00a0un minaret lumineux\u00a0\u00bb du soufisme"},"content":{"rendered":"<div readability=\"40\">\n<p>Par : Samir LOTFY<br \/>Commune de Sidi El Mokhtar (Chichaoua) \u2013 A plus d\u2019une vingtaine de kilom\u00e8tres de la ville de Chichaoua, plus pr\u00e9cis\u00e9ment au coeur de la commune de Sidi El Mokhtar, se dresse en t\u00e9moin de longs si\u00e8cles de l\u2019histoire, l\u2019embl\u00e9matique Medersa de la Zaouia de Sidi El Mokhtar pour l\u2019enseignement originel, qui se veut \u00ab\u00a0un minaret lumineux\u00a0\u00bb du soufisme, de recueillement et de ressourcement spirituel.<\/p>\n<\/div>\n<div readability=\"160\">\n<p>Cr\u00e9\u00e9e en 1010 de l\u2019H\u00e9gire, \u00e0 l\u2019initiative du Saint et v\u00e9n\u00e9r\u00e9 Cheikh Sidi El Mokhtar dont elle porte le nom, cet espace charg\u00e9 d\u2019histoire se trouve compl\u00e8tement d\u00e9di\u00e9, des si\u00e8cles durant, \u00e0 l\u2019initiation aux pr\u00e9ceptes de l\u2019islam tol\u00e9rant et du juste milieu, \u00e0 l\u2019inspiration \u00e0 partir de la Souna du proph\u00e8te Sidna Mohamed (PSSL) et au savoir et \u00e0 l\u2019apprentissage des sciences coraniques et t\u00e9l\u00e9ologiques, ce qui lui a conf\u00e9r\u00e9 une notori\u00e9t\u00e9 si exceptionnelle.<\/p>\n<p>En effet, l\u2019histoire rayonnante de la Zaouia du v\u00e9n\u00e9r\u00e9 Sidi El Mokhtar, qui compte une M\u00e9dersa traditionnelle et une mosqu\u00e9e, demeure intimement li\u00e9e \u00e0 celle de toute la r\u00e9gion, \u00e9tant donn\u00e9e que cette Medersa est tr\u00e8s connue par la rigueur scientifique de son staff p\u00e9dagogique, ainsi que par la qualit\u00e9 des cours dispens\u00e9s au profit des apprenants, bas\u00e9s notamment sur la m\u00e9morisation, la psalmodie et la r\u00e9citation du Saint Coran, ainsi que sur un retour aux pr\u00e9ceptes et principes de l\u2019islam tol\u00e9rant, tel que fond\u00e9 sur le rite Mal\u00e9kite et le dogme Ach\u00e2arite.<\/p>\n<p>Une rigueur scientifique et intellectuelle qui s\u2019av\u00e8re payante puisqu\u2019un nombre cons\u00e9quent de \u00ab\u00a0Tolbas\u00a0\u00bb (\u00e9tudiants) ayant re\u00e7u leur formation au sein de cette institution vont devenir par la suite des pr\u00eacheurs, des mourchidines, des enseignants des sciences t\u00e9l\u00e9ologiques et des m\u00e9morisateurs et psalmodeurs du Saint Coran.<\/p>\n<p>Si le r\u00f4le majeur de cette \u00e9cole traditionnelle dans la diffusion et la promotion de l\u2019islam mod\u00e9r\u00e9 a \u00e9t\u00e9 palpable \u00e0 travers des longues ann\u00e9es, cet espace d\u2019apprentissage a toujours b\u00e9n\u00e9fici\u00e9 d\u2019une attention particuli\u00e8re.<\/p>\n<p>Et pour preuve : Ce lieu de culte et du savoir avait d\u00e9j\u00e0 fait l\u2019objet de travaux de r\u00e9fection et d\u2019extension de la zone r\u00e9serv\u00e9e \u00e0 la pri\u00e8re et ce, \u00e0 l\u2019initiative du Ca\u00efd Moulay Yar\u00e2ah Sba\u00efi, selon une note de pr\u00e9sentation de cette \u00e9cole.<\/p>\n<p>Cet int\u00e9r\u00eat pour la pr\u00e9servation de cet espace de m\u00e9morisation du Saint Coran et de ma\u00eetrise des sciences t\u00e9l\u00e9ologiques va se poursuivre, puisqu\u2019\u00e0 partir de l\u2019ann\u00e9e 2000, c\u2019est un bienfaiteur qui, dans un geste de solidarit\u00e9 et d\u2019entraide, a pris l\u2019initiative de construire un nouveau si\u00e8ge pour cette Medersa.<\/p>\n<p>G\u00e9r\u00e9e actuellement par l\u2019Association \u00ab\u00a0Al Mouhamadiya\u00a0\u00bb pour l\u2019\u00e9cole traditionnelle de Sidi El Mokhtar, cet espace d\u2019apprentissage compte 9 salles de classe, une biblioth\u00e8que, un internat accueillant plus de 100 \u00e9tudiants, en provenance de diff\u00e9rentes r\u00e9gions du Royaume, avec des dortoirs, un r\u00e9fectoire, une cuisine, outre des d\u00e9pendances administratives.<\/p>\n<p>A ses d\u00e9buts, l\u2019enseignement au sein de la Medersa de Sidi El Mokhtar \u00e9tait limit\u00e9 \u00e0 la m\u00e9morisation du Saint Coran et \u00e0 la formation dans certaines sciences t\u00e9l\u00e9ologiques, en se servant d\u2019outils classiques d\u2019apprentissage (planches : Alouah), avant d\u2019adh\u00e9rer \u00e0 partir de 2007, au programme de l\u2019enseignement originel mis en oeuvre par le minist\u00e8re des Habous et des Affaires Islamiques.<\/p>\n<p>A partir de cette date, il a \u00e9t\u00e9 proc\u00e9d\u00e9 \u00e0 la remise de certificats scolaires aux laur\u00e9ats dans diff\u00e9rents cycles d\u2019enseignement au sein de ladite Medersa, que ce soit : le primaire, le coll\u00e9gial ou encore le secondaire.<\/p>\n<div readability=\"103\">\n<p>Actuellement, la Medersa de Sidi El Mokhtar est dirig\u00e9e par un directeur, deux surveillants g\u00e9n\u00e9raux, un \u00e9conome, outre un staff p\u00e9dagogique compos\u00e9 de 17 enseignants qui dispensent des cours dans diff\u00e9rentes disciplines modernes, \u00e0 l\u2019instar des langues \u00e9trang\u00e8res (fran\u00e7ais et anglais), la philosophie, l\u2019informatique et ce, \u00e0 c\u00f4t\u00e9 de cours en sciences classiques (la langue arabe, le fikh, l\u2019interpr\u00e9tation, ou encore le hadith).<\/p>\n<p>Approch\u00e9 par la MAP, M. Mohamed Nait Abdellah, charg\u00e9 de la Medersa de la Zaouia de Sidi El Mokhtar pour l\u2019enseignement originel, a fait savoir que cette \u00e9cole, cr\u00e9\u00e9e au d\u00e9but du 11\u00e8 si\u00e8cle, a continu\u00e9 sa mission de m\u00e9morisation du Saint Coran et d\u2019enseignement des sciences t\u00e9l\u00e9ologiques, tout en jouissant d\u2019une notori\u00e9t\u00e9 incontestable parmi les anciennes Medersa du Royaume.<\/p>\n<p>Cette \u00e9cole qui accueille des apprentis en provenance de diff\u00e9rentes r\u00e9gions du Maroc, \u00e9tait au d\u00e9part une ancienne b\u00e2tisse, avant qu\u2019elle ne soit dot\u00e9e d\u2019un nouveau si\u00e8ge construit d\u2019une mani\u00e8re moderne, \u00e0 l\u2019initiative d\u2019un bienfaiteur, s\u2019est-il f\u00e9licit\u00e9, notant que l\u2019\u00e9cole continuait de jouer son r\u00f4le classique en mati\u00e8re d\u2019\u00e9ducation et de formation, jusqu\u2019\u00e0 2007 pour devenir plus organis\u00e9e en couvrant tous les cycles d\u2019enseignement et ce, sur la base d\u2019un test de classement et une \u00e9valuation des connaissances des \u00e9l\u00e8ves par niveau scolaire.<\/p>\n<p>\u00ab\u00a0Nous avons commenc\u00e9 par le cycle primaire et nous avons poursuivi notre mission de formation et actuellement, la Medersa de Sidi El Mokhtar dispose d\u2019un cycle secondaire\u00a0\u00bb, a-t-il encha\u00een\u00e9, relevant que nombre de laur\u00e9ats de cette Medersa s\u2019orientent facilement, par la suite, pour poursuivre des \u00e9tudes universitaires ou autres\u00a0\u00bb, a expliqu\u00e9 M. Nait Abdellah.<\/p>\n<p>Et d\u2019ajouter que les \u00e9l\u00e8ves au sein de cette Medersa sont internes et pris en charge (nourriture, logement\u2026.) et ce, gr\u00e2ce \u00e0 l\u2019Association gestionnaire, faisant savoir que ce lieu de culte dispose aussi, de recettes g\u00e9n\u00e9r\u00e9es par certains magasins dont elle est propri\u00e9taire, les dons de bienfaiteurs, outre ce qu\u2019on appelle la \u00ab\u00a0Ratbiya\u00a0\u00bb, une tradition s\u00e9culaire au niveau local et qui consiste \u00e0 ce que les \u00e9tudiants de la Medersa s\u2019orientent vers les familles de Sidi El Mokhtar pour apporter des repas (d\u00e9jeuner et d\u00eener).<\/p>\n<p>La Medersa de Sidi El Mokhtar b\u00e9n\u00e9ficie aussi de certaines subventions du minist\u00e8re de tutelle, outre des bourses octroy\u00e9es aux \u00e9tudiants en fonction de leur niveau scolaire, a-t-il expliqu\u00e9.<\/p>\n<p>\u00ab\u00a0Cette rigueur a fait que notre Medersa \u00e0 permis de former des Savants, des \u00e9rudits, des pr\u00eacheurs et des mourchidines dont certains sont install\u00e9s \u00e0 l\u2019\u00e9tranger\u00a0\u00bb, s\u2019est-il r\u00e9jouit, mettant en avant la Haute Sollicitude dont Sa Majest\u00e9 le Roi Mohammed VI, Amir Al Mouminine, ne cesse d\u2019entourer le champ religieux, ainsi que les anciennes Medersa et \u00e9coles coraniques \u00e0 travers l\u2019ensemble des r\u00e9gions du Royaume.<\/p>\n<p>De son c\u00f4t\u00e9, M. Abderrahim Meskini, pr\u00e9sident de l\u2019association \u00ab\u00a0Al Mohamadiya\u00a0\u00bb de la medersa de Sidi El Mokhtar, s\u2019est attard\u00e9 sur le r\u00f4le jou\u00e9 par cette \u00ab\u00a0forteresse\u00a0\u00bb de la connaissance et du savoir dans la diffusion des valeurs et principes de l\u2019islam tol\u00e9rant et du juste milieu.<\/p>\n<p>Il a, de m\u00eame, lou\u00e9 l\u2019ensemble des initiatives prises par les bienfaiteurs ainsi que par les autres donateurs, \u00e0 l\u2019image du Croissant Rouge Marocain (CRM), les instances \u00e9lues ainsi que les autorit\u00e9s provinciales, de mani\u00e8re \u00e0 permettre \u00e0 cette Medersa de continuer \u00e0 s\u2019acquitter de ses nobles missions, dans d\u2019excellentes conditions.<\/p>\n<\/div>\n<\/div>\n<p>Auteur: Meriem IGASS<br \/>\n<a href=\"http:\/\/www.mapmarrakech.ma\/fr\/la-medersa-de-sidi-el-mokhtar-un-minaret-lumineux-du-soufisme\/\">Cliquez ici pour lire l&rsquo;article depuis sa source.<\/a><\/p>\n","protected":false},"excerpt":{"rendered":"<p>Par : Samir LOTFYCommune de Sidi El Mokhtar (Chichaoua) \u2013 A plus d\u2019une vingtaine de kilom\u00e8tres de la ville de Chichaoua, plus pr\u00e9cis\u00e9ment au coeur de la commune de Sidi El Mokhtar, se dresse en t\u00e9moin de longs si\u00e8cles de l\u2019histoire, l\u2019embl\u00e9matique Medersa de la Zaouia de Sidi El Mokhtar pour l\u2019enseignement originel, qui se [&hellip;]<\/p>\n","protected":false},"author":1788,"featured_media":0,"comment_status":"closed","ping_status":"closed","sticky":false,"template":"","format":"standard","meta":{"fifu_image_url":"","fifu_image_alt":"","footnotes":""},"categories":[54,76],"tags":[],"class_list":["post-115889","post","type-post","status-publish","format-standard","hentry","category-maroc","category-regions"],"_links":{"self":[{"href":"https:\/\/linitiative.ca\/International\/wp-json\/wp\/v2\/posts\/115889","targetHints":{"allow":["GET"]}}],"collection":[{"href":"https:\/\/linitiative.ca\/International\/wp-json\/wp\/v2\/posts"}],"about":[{"href":"https:\/\/linitiative.ca\/International\/wp-json\/wp\/v2\/types\/post"}],"author":[{"embeddable":true,"href":"https:\/\/linitiative.ca\/International\/wp-json\/wp\/v2\/users\/1788"}],"replies":[{"embeddable":true,"href":"https:\/\/linitiative.ca\/International\/wp-json\/wp\/v2\/comments?post=115889"}],"version-history":[{"count":0,"href":"https:\/\/linitiative.ca\/International\/wp-json\/wp\/v2\/posts\/115889\/revisions"}],"wp:attachment":[{"href":"https:\/\/linitiative.ca\/International\/wp-json\/wp\/v2\/media?parent=115889"}],"wp:term":[{"taxonomy":"category","embeddable":true,"href":"https:\/\/linitiative.ca\/International\/wp-json\/wp\/v2\/categories?post=115889"},{"taxonomy":"post_tag","embeddable":true,"href":"https:\/\/linitiative.ca\/International\/wp-json\/wp\/v2\/tags?post=115889"}],"curies":[{"name":"wp","href":"https:\/\/api.w.org\/{rel}","templated":true}]}}