{"id":115890,"date":"2021-04-30T13:48:55","date_gmt":"2021-04-30T17:48:55","guid":{"rendered":"https:\/\/linitiative.ca\/International\/construction-de-44-unites-denseignement-prescolaire\/"},"modified":"2021-04-30T13:48:55","modified_gmt":"2021-04-30T17:48:55","slug":"construction-de-44-unites-denseignement-prescolaire","status":"publish","type":"post","link":"https:\/\/linitiative.ca\/International\/construction-de-44-unites-denseignement-prescolaire\/","title":{"rendered":"Construction de 44 unit\u00e9s d\u2019enseignement pr\u00e9scolaire"},"content":{"rendered":"<div readability=\"36\">\n<p>Chichaoua \u2013 Quelque 44 unit\u00e9s d\u2019enseignement pr\u00e9scolaire ont \u00e9t\u00e9 construites dans la province de Chichaoua depuis 2019 et ce, dans l\u2019objectif d\u2019encourager la scolarisation notamment en milieu rural dans le cadre du quatri\u00e8me programme \u00ab\u00a0Impulsion du capital humain des g\u00e9n\u00e9rations montantes\u00a0\u00bb de l\u2019Initiative Nationale pour le D\u00e9veloppement Humain (INDH).<\/p>\n<\/div>\n<div readability=\"93\">\n<p>Ces donn\u00e9es ont \u00e9t\u00e9 r\u00e9v\u00e9l\u00e9es lors d\u2019une r\u00e9union du Comit\u00e9 Provincial de D\u00e9veloppement Humain (CPDH) tenue r\u00e9cemment pour la pr\u00e9sentation du bilan de l\u2019INDH, notamment le programme de g\u00e9n\u00e9ralisation de l\u2019enseignement pr\u00e9scolaire au niveau de cette province.<\/p>\n<p>A cette occasion, le Chef de la Division de l\u2019Action Sociale (DAS) relevant de la province, Salem Loudini, a pr\u00e9sent\u00e9 un expos\u00e9 mettant en exergue le bilan de l\u2019INDH durant la p\u00e9riode 2019-2021, ainsi que le taux d\u2019avancement des travaux de r\u00e9alisation de certains projets, dont celui de la g\u00e9n\u00e9ralisation de l\u2019enseignement pr\u00e9scolaire, le programme adopt\u00e9 au titre de 2021, et les nouvelles orientations de la phase 2021-2022.<\/p>\n<p>Dans ce cadre, il a indiqu\u00e9 que 32 unit\u00e9s d\u2019enseignement pr\u00e9scolaire ont ouvert leurs portes aux enfants depuis 2019, quelque 12 autres ont \u00e9t\u00e9 achev\u00e9es alors que 30 unit\u00e9s sont en cours de r\u00e9alisation, en plus de 82 unit\u00e9s, dont les travaux sont \u00e0 un stade avanc\u00e9.<\/p>\n<p>Lors de cette r\u00e9union, les discussions ont largement port\u00e9 sur le programme d\u2019enseignement pr\u00e9scolaire, avec un accent mis sur la mani\u00e8re de choisir les unit\u00e9s d\u2019enseignement du pr\u00e9scolaire et la gestion de ce volet, et la comparaison de la gestion de ce dossier avec le mod\u00e8le adopt\u00e9 par le minist\u00e8re de l\u2019\u00e9ducation nationale.<\/p>\n<p>En relation avec l\u2019encouragement et la promotion de l\u2019esprit d\u2019entrepreneuriat chez les jeunes, M. Loudini, a fait savoir que les objectifs du programme consistent en l\u2019accompagnement des porteurs de projets pour la cr\u00e9ation et le financement de leurs entreprises, une exp\u00e9rience adopt\u00e9e dans le cadre d\u2019un partenariat entre le gouvernement et la Banque mondiale.<\/p>\n<p>Par la suite, il a \u00e9t\u00e9 proc\u00e9d\u00e9 \u00e0 la pr\u00e9sentation des principales nouvelles orientations, dont la mise en place d\u2019une plateforme de nature \u00e0 aider les acteurs \u00e0 prendre des d\u00e9cisions, \u00e0 travers la facilitation de la connaissance des lacunes notamment dans les domaines de l\u2019enseignement et de la sant\u00e9.<\/p>\n<p>Les nouvelles orientations comprennent \u00e9galement l\u2019\u00e9largissement des missions des comit\u00e9s locaux de d\u00e9veloppement humain en plus du diagnostic des besoins et la proposition de projets.<\/p>\n<p>Par la m\u00eame occasion, le CPDH a pris connaissance de l\u2019adoption du programme pluriannuel 2021-2022 auquel a \u00e9t\u00e9 consacr\u00e9 pr\u00e8s de 154 millions de DH.<\/p>\n<p>Le gouverneur de la province de Chichaoua, M. Bouabid El Guerrab, a mis l\u2019accent sur l\u2019importance des nouvelles orientations pour la mise en \u0153uvre des programmes de l\u2019INDH, appelant tous les intervenants \u00e0 une grande mobilisation pour la r\u00e9alisation des objectifs de ce chantier Royal.<\/p>\n<\/div>\n<p>Auteur: Meriem IGASS<br \/>\n<a href=\"http:\/\/www.mapmarrakech.ma\/fr\/construction-de-44-unites-denseignement-prescolaire\/\">Cliquez ici pour lire l&rsquo;article depuis sa source.<\/a><\/p>\n","protected":false},"excerpt":{"rendered":"<p>Chichaoua \u2013 Quelque 44 unit\u00e9s d\u2019enseignement pr\u00e9scolaire ont \u00e9t\u00e9 construites dans la province de Chichaoua depuis 2019 et ce, dans l\u2019objectif d\u2019encourager la scolarisation notamment en milieu rural dans le cadre du quatri\u00e8me programme \u00ab\u00a0Impulsion du capital humain des g\u00e9n\u00e9rations montantes\u00a0\u00bb de l\u2019Initiative Nationale pour le D\u00e9veloppement Humain (INDH). Ces donn\u00e9es ont \u00e9t\u00e9 r\u00e9v\u00e9l\u00e9es lors [&hellip;]<\/p>\n","protected":false},"author":1788,"featured_media":0,"comment_status":"closed","ping_status":"closed","sticky":false,"template":"","format":"standard","meta":{"fifu_image_url":"","fifu_image_alt":"","footnotes":""},"categories":[54,76],"tags":[],"class_list":["post-115890","post","type-post","status-publish","format-standard","hentry","category-maroc","category-regions"],"_links":{"self":[{"href":"https:\/\/linitiative.ca\/International\/wp-json\/wp\/v2\/posts\/115890","targetHints":{"allow":["GET"]}}],"collection":[{"href":"https:\/\/linitiative.ca\/International\/wp-json\/wp\/v2\/posts"}],"about":[{"href":"https:\/\/linitiative.ca\/International\/wp-json\/wp\/v2\/types\/post"}],"author":[{"embeddable":true,"href":"https:\/\/linitiative.ca\/International\/wp-json\/wp\/v2\/users\/1788"}],"replies":[{"embeddable":true,"href":"https:\/\/linitiative.ca\/International\/wp-json\/wp\/v2\/comments?post=115890"}],"version-history":[{"count":0,"href":"https:\/\/linitiative.ca\/International\/wp-json\/wp\/v2\/posts\/115890\/revisions"}],"wp:attachment":[{"href":"https:\/\/linitiative.ca\/International\/wp-json\/wp\/v2\/media?parent=115890"}],"wp:term":[{"taxonomy":"category","embeddable":true,"href":"https:\/\/linitiative.ca\/International\/wp-json\/wp\/v2\/categories?post=115890"},{"taxonomy":"post_tag","embeddable":true,"href":"https:\/\/linitiative.ca\/International\/wp-json\/wp\/v2\/tags?post=115890"}],"curies":[{"name":"wp","href":"https:\/\/api.w.org\/{rel}","templated":true}]}}