{"id":115893,"date":"2021-04-30T15:14:07","date_gmt":"2021-04-30T19:14:07","guid":{"rendered":"https:\/\/linitiative.ca\/International\/international-jose-mourinho-de-retour-au-travail\/"},"modified":"2021-04-30T15:14:07","modified_gmt":"2021-04-30T19:14:07","slug":"international-jose-mourinho-de-retour-au-travail","status":"publish","type":"post","link":"https:\/\/linitiative.ca\/International\/international-jose-mourinho-de-retour-au-travail\/","title":{"rendered":"International : Jos\u00e9 Mourinho de retour au travail"},"content":{"rendered":"<div readability=\"32\">\n<p>Auteur : <span class=\"time\">vendredi 30 avril 2021 16:37<\/span><\/p>\n<\/div>\n<div id=\"post_core\" readability=\"41\">\n<p>Apr\u00e8s avoir \u00e9t\u00e9 licenci\u00e9 par Tottenham la semaine pass\u00e9e, Jos\u00e9 Mourinho a d\u00e9j\u00e0 retrouv\u00e9 du travail. Non pas sur le banc d\u2019une \u00e9quipe de football mais bien en tant que consultant. En effet, le technicien portugais de 58 ans, qui est pass\u00e9 sur le banc du FC Porto, de Chelsea, du Real Madrid et de Manchester United, rejoint le journal The Sun \u00e0 l\u2019occasion de l\u2019Euro 2020 cet \u00e9t\u00e9 (du 11 juin au 11 juillet). L\u2019ex manager des Spurs avait d\u00e9j\u00e0 \u00e9t\u00e9 consultant pour beIN Sports et Sky Sports notamment apr\u00e8s son limogeage de Manchester United en 2018 rapporte FootMercato.<\/p>\n<p><strong>Publi\u00e9 dans :<\/strong> <span>mourinho<\/span><\/p>\n<\/div>\n<p>Auteur:<br \/>\n<a href=\"http:\/\/www.lebuteur.com\/article\/detail?titre=jose-mourinho-de-retour-au-travail&#038;id=99894&#038;utm_source=feedburner&#038;utm_medium=feed&#038;utm_campaign=Feed%3A+GalerieFArtciles+%28Les+derniers+articles++-+lebuteur.com%29\">Cliquez ici pour lire l&rsquo;article depuis sa source.<\/a><\/p>\n","protected":false},"excerpt":{"rendered":"<p>Auteur : vendredi 30 avril 2021 16:37 Apr\u00e8s avoir \u00e9t\u00e9 licenci\u00e9 par Tottenham la semaine pass\u00e9e, Jos\u00e9 Mourinho a d\u00e9j\u00e0 retrouv\u00e9 du travail. Non pas sur le banc d\u2019une \u00e9quipe de football mais bien en tant que consultant. En effet, le technicien portugais de 58 ans, qui est pass\u00e9 sur le banc du FC Porto, [&hellip;]<\/p>\n","protected":false},"author":1738,"featured_media":0,"comment_status":"closed","ping_status":"closed","sticky":false,"template":"","format":"standard","meta":{"fifu_image_url":"\/\/cdn.lebuteur.com\/data\/images\/article\/thumbs\/large-jose-mourinho-de-retour-au-travail-0d627.jpg","fifu_image_alt":"International : Jos\u00e9 Mourinho de retour au travail","footnotes":""},"categories":[53,75],"tags":[],"class_list":["post-115893","post","type-post","status-publish","format-standard","hentry","category-algerie","category-sport"],"_links":{"self":[{"href":"https:\/\/linitiative.ca\/International\/wp-json\/wp\/v2\/posts\/115893","targetHints":{"allow":["GET"]}}],"collection":[{"href":"https:\/\/linitiative.ca\/International\/wp-json\/wp\/v2\/posts"}],"about":[{"href":"https:\/\/linitiative.ca\/International\/wp-json\/wp\/v2\/types\/post"}],"author":[{"embeddable":true,"href":"https:\/\/linitiative.ca\/International\/wp-json\/wp\/v2\/users\/1738"}],"replies":[{"embeddable":true,"href":"https:\/\/linitiative.ca\/International\/wp-json\/wp\/v2\/comments?post=115893"}],"version-history":[{"count":0,"href":"https:\/\/linitiative.ca\/International\/wp-json\/wp\/v2\/posts\/115893\/revisions"}],"wp:attachment":[{"href":"https:\/\/linitiative.ca\/International\/wp-json\/wp\/v2\/media?parent=115893"}],"wp:term":[{"taxonomy":"category","embeddable":true,"href":"https:\/\/linitiative.ca\/International\/wp-json\/wp\/v2\/categories?post=115893"},{"taxonomy":"post_tag","embeddable":true,"href":"https:\/\/linitiative.ca\/International\/wp-json\/wp\/v2\/tags?post=115893"}],"curies":[{"name":"wp","href":"https:\/\/api.w.org\/{rel}","templated":true}]}}