{"id":115894,"date":"2021-04-30T15:14:14","date_gmt":"2021-04-30T19:14:14","guid":{"rendered":"https:\/\/linitiative.ca\/International\/international-atletico-oblak-fait-une-annonce-pour-son-avenir\/"},"modified":"2021-04-30T15:14:14","modified_gmt":"2021-04-30T19:14:14","slug":"international-atletico-oblak-fait-une-annonce-pour-son-avenir","status":"publish","type":"post","link":"https:\/\/linitiative.ca\/International\/international-atletico-oblak-fait-une-annonce-pour-son-avenir\/","title":{"rendered":"International : Atl\u00e9tico : Oblak fait une annonce pour son avenir"},"content":{"rendered":"<div readability=\"32\">\n<p>Auteur : <span class=\"time\">vendredi 30 avril 2021 18:30<\/span><\/p>\n<\/div>\n<div id=\"post_core\" readability=\"49\">\n<p>L\u2019international slov\u00e8ne a affirm\u00e9 dans des propos rapport\u00e9s par Les-Transferts qu\u2019il \u00e9tait pr\u00eat \u00e0 quitter les Rojiblancos et pourquoi pas pour la Premier League.<\/p>\n<p>\u00ab\u00a0La Premier League a des \u00e9quipes fortes. Peut-\u00eatre les plus fortes. Mais je pense qu\u2019en fin de compte c\u2019est ce que l\u2019entra\u00eeneur vous demande qui importe. Vous \u00e9coutez ses instructions. Vous \u00eates l\u2019un des 11 joueurs, alors vous faites ce qu\u2019il vous demande. Tous les joueurs sur le terrain pensent comme \u00e7a. Peu importe que ce soit la Premier League, la ligue italienne, la ligue espagnole, o\u00f9 que vous alliez, vous avez besoin de faire ce que le coach vous demande de faire. Je ne sais pas ce que l\u2019avenir m\u2019apportera, mais je suis s\u00fbr que dans n\u2019importe quelle ligue o\u00f9 je jouerais, je pourrais bien jouer. On ne peut jamais savoir ce qui se passera dans le futur. Maintenant, je suis en Espagne depuis sept ans. Voyons voir. Je suis encore jeune. Plus si jeune, mais il me reste encore quelques ann\u00e9es devant moi.\u00a0\u00bb<\/p>\n<p><strong>Publi\u00e9 dans :<\/strong> <span>Atl\u00e9tico Madrid<\/span> <span>Jan Oblak<\/span><\/p>\n<\/div>\n<p>Auteur:<br \/>\n<a href=\"http:\/\/www.lebuteur.com\/article\/detail?titre=atletico-oblak-fait-une-annonce-pour-son-avenir&#038;id=99895&#038;utm_source=feedburner&#038;utm_medium=feed&#038;utm_campaign=Feed%3A+GalerieFArtciles+%28Les+derniers+articles++-+lebuteur.com%29\">Cliquez ici pour lire l&rsquo;article depuis sa source.<\/a><\/p>\n","protected":false},"excerpt":{"rendered":"<p>Auteur : vendredi 30 avril 2021 18:30 L\u2019international slov\u00e8ne a affirm\u00e9 dans des propos rapport\u00e9s par Les-Transferts qu\u2019il \u00e9tait pr\u00eat \u00e0 quitter les Rojiblancos et pourquoi pas pour la Premier League. \u00ab\u00a0La Premier League a des \u00e9quipes fortes. Peut-\u00eatre les plus fortes. Mais je pense qu\u2019en fin de compte c\u2019est ce que l\u2019entra\u00eeneur vous demande [&hellip;]<\/p>\n","protected":false},"author":1738,"featured_media":0,"comment_status":"closed","ping_status":"closed","sticky":false,"template":"","format":"standard","meta":{"fifu_image_url":"\/\/cdn.lebuteur.com\/data\/images\/article\/thumbs\/large-99895atletico-oblak-fait-une-annonce-pour-son-avenir-aa8d2.jpg","fifu_image_alt":"International : Atl\u00e9tico : Oblak fait une annonce pour son avenir","footnotes":""},"categories":[53,75],"tags":[],"class_list":["post-115894","post","type-post","status-publish","format-standard","hentry","category-algerie","category-sport"],"_links":{"self":[{"href":"https:\/\/linitiative.ca\/International\/wp-json\/wp\/v2\/posts\/115894","targetHints":{"allow":["GET"]}}],"collection":[{"href":"https:\/\/linitiative.ca\/International\/wp-json\/wp\/v2\/posts"}],"about":[{"href":"https:\/\/linitiative.ca\/International\/wp-json\/wp\/v2\/types\/post"}],"author":[{"embeddable":true,"href":"https:\/\/linitiative.ca\/International\/wp-json\/wp\/v2\/users\/1738"}],"replies":[{"embeddable":true,"href":"https:\/\/linitiative.ca\/International\/wp-json\/wp\/v2\/comments?post=115894"}],"version-history":[{"count":0,"href":"https:\/\/linitiative.ca\/International\/wp-json\/wp\/v2\/posts\/115894\/revisions"}],"wp:attachment":[{"href":"https:\/\/linitiative.ca\/International\/wp-json\/wp\/v2\/media?parent=115894"}],"wp:term":[{"taxonomy":"category","embeddable":true,"href":"https:\/\/linitiative.ca\/International\/wp-json\/wp\/v2\/categories?post=115894"},{"taxonomy":"post_tag","embeddable":true,"href":"https:\/\/linitiative.ca\/International\/wp-json\/wp\/v2\/tags?post=115894"}],"curies":[{"name":"wp","href":"https:\/\/api.w.org\/{rel}","templated":true}]}}