{"id":115896,"date":"2021-04-30T15:14:26","date_gmt":"2021-04-30T19:14:26","guid":{"rendered":"https:\/\/linitiative.ca\/International\/international-barca-lavenir-de-philippe-coutinho-semble-etre-loin-de-la-catalogne\/"},"modified":"2021-04-30T15:14:26","modified_gmt":"2021-04-30T19:14:26","slug":"international-barca-lavenir-de-philippe-coutinho-semble-etre-loin-de-la-catalogne","status":"publish","type":"post","link":"https:\/\/linitiative.ca\/International\/international-barca-lavenir-de-philippe-coutinho-semble-etre-loin-de-la-catalogne\/","title":{"rendered":"International : Bar\u00e7a : L\u2019avenir de Philippe Coutinho semble \u00eatre loin de la Catalogne"},"content":{"rendered":"<div readability=\"32\">\n<p>Auteur : <span class=\"time\">vendredi 30 avril 2021 19:00<\/span><\/p>\n<\/div>\n<div id=\"post_core\" readability=\"50\">\n<p>De ce fait, un transfert serait de nouveau \u00e9voqu\u00e9 pour celui qui est arriv\u00e9 en janvier 2018 contre 135 millions d\u2019euros, comme l\u2019a indiqu\u00e9 Les-Transferts. Il est notamment question d\u2019un retour en Angleterre pour lui et notamment pour\u00a0Everton, le rival de son ancien club, Liverpool, aujourd\u2019hui entrain\u00e9 par Carlo Ancelotti.<\/p>\n<p>Les Toffees auraient d\u2019ailleurs d\u00e9j\u00e0 un accord avec les Blaugranas pour un transfert de l\u2019international br\u00e9silien, \u00e2g\u00e9 de 28 ans, et lui chercheraient activement un appartement. Le montant de cette transaction serait de 40 millions d\u2019euros, mais d\u00e9pendrait de sa capacit\u00e9 \u00e0 se remettre de sa blessure.<\/p>\n<p><strong>Publi\u00e9 dans :<\/strong> <span>bar\u00e7a<\/span> <span>Philippe Coutinho<\/span><\/p>\n<\/div>\n<p>Auteur:<br \/>\n<a href=\"http:\/\/www.lebuteur.com\/article\/detail?titre=barca-lavenir-de-philippe-coutinho-semble-etre-loin-de-la-catalogne&#038;id=99896&#038;utm_source=feedburner&#038;utm_medium=feed&#038;utm_campaign=Feed%3A+GalerieFArtciles+%28Les+derniers+articles++-+lebuteur.com%29\">Cliquez ici pour lire l&rsquo;article depuis sa source.<\/a><\/p>\n","protected":false},"excerpt":{"rendered":"<p>Auteur : vendredi 30 avril 2021 19:00 De ce fait, un transfert serait de nouveau \u00e9voqu\u00e9 pour celui qui est arriv\u00e9 en janvier 2018 contre 135 millions d\u2019euros, comme l\u2019a indiqu\u00e9 Les-Transferts. Il est notamment question d\u2019un retour en Angleterre pour lui et notamment pour\u00a0Everton, le rival de son ancien club, Liverpool, aujourd\u2019hui entrain\u00e9 par [&hellip;]<\/p>\n","protected":false},"author":1738,"featured_media":0,"comment_status":"closed","ping_status":"closed","sticky":false,"template":"","format":"standard","meta":{"fifu_image_url":"\/\/cdn.lebuteur.com\/data\/images\/article\/thumbs\/large-99896barca-lavenir-de-philippe-coutinho-semble-etre-loin-de-la-catalogne-63f41.jpg","fifu_image_alt":"International : Bar\u00e7a : L\u2019avenir de Philippe Coutinho semble \u00eatre loin de la Catalogne","footnotes":""},"categories":[53,75],"tags":[],"class_list":["post-115896","post","type-post","status-publish","format-standard","hentry","category-algerie","category-sport"],"_links":{"self":[{"href":"https:\/\/linitiative.ca\/International\/wp-json\/wp\/v2\/posts\/115896","targetHints":{"allow":["GET"]}}],"collection":[{"href":"https:\/\/linitiative.ca\/International\/wp-json\/wp\/v2\/posts"}],"about":[{"href":"https:\/\/linitiative.ca\/International\/wp-json\/wp\/v2\/types\/post"}],"author":[{"embeddable":true,"href":"https:\/\/linitiative.ca\/International\/wp-json\/wp\/v2\/users\/1738"}],"replies":[{"embeddable":true,"href":"https:\/\/linitiative.ca\/International\/wp-json\/wp\/v2\/comments?post=115896"}],"version-history":[{"count":0,"href":"https:\/\/linitiative.ca\/International\/wp-json\/wp\/v2\/posts\/115896\/revisions"}],"wp:attachment":[{"href":"https:\/\/linitiative.ca\/International\/wp-json\/wp\/v2\/media?parent=115896"}],"wp:term":[{"taxonomy":"category","embeddable":true,"href":"https:\/\/linitiative.ca\/International\/wp-json\/wp\/v2\/categories?post=115896"},{"taxonomy":"post_tag","embeddable":true,"href":"https:\/\/linitiative.ca\/International\/wp-json\/wp\/v2\/tags?post=115896"}],"curies":[{"name":"wp","href":"https:\/\/api.w.org\/{rel}","templated":true}]}}