{"id":115897,"date":"2021-04-30T15:14:32","date_gmt":"2021-04-30T19:14:32","guid":{"rendered":"https:\/\/linitiative.ca\/International\/international-real-zidane-tu-te-demandes-ce-qui-est-en-train-de-nous-arriver\/"},"modified":"2021-04-30T15:14:32","modified_gmt":"2021-04-30T19:14:32","slug":"international-real-zidane-tu-te-demandes-ce-qui-est-en-train-de-nous-arriver","status":"publish","type":"post","link":"https:\/\/linitiative.ca\/International\/international-real-zidane-tu-te-demandes-ce-qui-est-en-train-de-nous-arriver\/","title":{"rendered":"International : Real &#8211; Zidane : \u00ab\u00a0Tu te demandes ce qui est en train de nous arriver&#8230; \u00ab\u00a0"},"content":{"rendered":"<div readability=\"32\">\n<p>Auteur : <span class=\"time\">vendredi 30 avril 2021 19:15<\/span><\/p>\n<\/div>\n<div id=\"post_core\" readability=\"71\">\n<p>Toujours en course pour remporter la Ligue des champions et la Liga, le Real Madrid n&rsquo;a pourtant pas connu une saison de tout repos. De nombreux obstacles ont en effet jalonn\u00e9 le parcours des Merengues, \u00e0 commencer par les blessures.<\/p>\n<p>\u00ab\u00a0Vu les difficult\u00e9s qu&rsquo;on a eues, arriver l\u00e0 o\u00f9 on est&#8230; Quand tu vois qu&rsquo;il y a sept ou huit joueurs importants de l&rsquo;\u00e9quipe qui sont bless\u00e9s, tu te demandes ce qui est en train de nous arriver&#8230; Mais non, on a toujours cru en nous, en ce que l&rsquo;on fait. Et je suis tr\u00e8s content des gars, du caract\u00e8re de cette \u00e9quipe, a positiv\u00e9 Zin\u00e9dine Zidane en conf\u00e9rence de presse. C&rsquo;est une saison tr\u00e8s bizarre. Pour un joueur, la pr\u00e9paration est fondamentale, et cette saison, on n&rsquo;en a pas eu. On s&rsquo;entra\u00eene, on joue, c&rsquo;est tout. C&rsquo;est tr\u00e8s compliqu\u00e9.\u00a0\u00bb<\/p>\n<p>Dans ces conditions, voir le Real toujours dans la bataille pour le sacre en Liga et en C1 rel\u00e8ve de la performance. \u00ab\u00a0\u00c7a n&rsquo;a rien d&rsquo;un miracle, c&rsquo;est du travail, rien que du travail, a clam\u00e9 l&rsquo;entra\u00eeneur fran\u00e7ais. \u00c7a va se jouer sur des d\u00e9tails. D\u00e9fensivement, on fait de tr\u00e8s belles choses, on travaille ensemble, mais avec ballon, on peut s&rsquo;am\u00e9liorer\u00a0\u00bb, a-t-il point\u00e9, avant de conclure, tout sourire\u00a0: \u00ab\u00a0On va bosser jusqu&rsquo;au bout pour \u00eatre champions, parce que \u00e7a vaut le coup.\u00a0\u00bb Des propos relay\u00e9s par France Football.<\/p>\n<p><strong>Publi\u00e9 dans :<\/strong> <span>real madrid<\/span><\/p>\n<\/div>\n<p>Auteur:<br \/>\n<a href=\"http:\/\/www.lebuteur.com\/article\/detail?titre=real-zidane-tu-te-demandes-ce-qui-est-en-train-de-nous-arriver&#038;id=99898&#038;utm_source=feedburner&#038;utm_medium=feed&#038;utm_campaign=Feed%3A+GalerieFArtciles+%28Les+derniers+articles++-+lebuteur.com%29\">Cliquez ici pour lire l&rsquo;article depuis sa source.<\/a><\/p>\n","protected":false},"excerpt":{"rendered":"<p>Auteur : vendredi 30 avril 2021 19:15 Toujours en course pour remporter la Ligue des champions et la Liga, le Real Madrid n&rsquo;a pourtant pas connu une saison de tout repos. De nombreux obstacles ont en effet jalonn\u00e9 le parcours des Merengues, \u00e0 commencer par les blessures. \u00ab\u00a0Vu les difficult\u00e9s qu&rsquo;on a eues, arriver l\u00e0 [&hellip;]<\/p>\n","protected":false},"author":1738,"featured_media":0,"comment_status":"closed","ping_status":"closed","sticky":false,"template":"","format":"standard","meta":{"fifu_image_url":"\/\/cdn.lebuteur.com\/data\/images\/article\/thumbs\/large-real-zidane-tu-te-demandes-ce-qui-est-en-train-de-nous-arriver-50608.jpg","fifu_image_alt":"International : Real - Zidane : \"Tu te demandes ce qui est en train de nous arriver... \"","footnotes":""},"categories":[53,75],"tags":[],"class_list":["post-115897","post","type-post","status-publish","format-standard","hentry","category-algerie","category-sport"],"_links":{"self":[{"href":"https:\/\/linitiative.ca\/International\/wp-json\/wp\/v2\/posts\/115897","targetHints":{"allow":["GET"]}}],"collection":[{"href":"https:\/\/linitiative.ca\/International\/wp-json\/wp\/v2\/posts"}],"about":[{"href":"https:\/\/linitiative.ca\/International\/wp-json\/wp\/v2\/types\/post"}],"author":[{"embeddable":true,"href":"https:\/\/linitiative.ca\/International\/wp-json\/wp\/v2\/users\/1738"}],"replies":[{"embeddable":true,"href":"https:\/\/linitiative.ca\/International\/wp-json\/wp\/v2\/comments?post=115897"}],"version-history":[{"count":0,"href":"https:\/\/linitiative.ca\/International\/wp-json\/wp\/v2\/posts\/115897\/revisions"}],"wp:attachment":[{"href":"https:\/\/linitiative.ca\/International\/wp-json\/wp\/v2\/media?parent=115897"}],"wp:term":[{"taxonomy":"category","embeddable":true,"href":"https:\/\/linitiative.ca\/International\/wp-json\/wp\/v2\/categories?post=115897"},{"taxonomy":"post_tag","embeddable":true,"href":"https:\/\/linitiative.ca\/International\/wp-json\/wp\/v2\/tags?post=115897"}],"curies":[{"name":"wp","href":"https:\/\/api.w.org\/{rel}","templated":true}]}}