{"id":115898,"date":"2021-04-30T13:30:10","date_gmt":"2021-04-30T17:30:10","guid":{"rendered":"https:\/\/linitiative.ca\/International\/coa-lassemblee-generale-elective-fixee-pour-le-8-juin\/"},"modified":"2021-04-30T13:30:10","modified_gmt":"2021-04-30T17:30:10","slug":"coa-lassemblee-generale-elective-fixee-pour-le-8-juin","status":"publish","type":"post","link":"https:\/\/linitiative.ca\/International\/coa-lassemblee-generale-elective-fixee-pour-le-8-juin\/","title":{"rendered":"COA : L\u2019Assembl\u00e9e g\u00e9n\u00e9rale \u00e9lective fix\u00e9e pour le 8 juin"},"content":{"rendered":"<h4 class=\"title-14\"\/>\n<div class=\"featured_image\"><img loading=\"lazy\" decoding=\"async\" width=\"474\" height=\"354\" src=\"https:\/\/www.elwatan.com\/wp-content\/uploads\/2021\/04\/OIP.jpg\" class=\"attachment-post-thumbnail size-post-thumbnail wp-post-image\" alt=\"comit\u00e9 olympique alg\u00e9rien\" srcset=\"https:\/\/www.elwatan.com\/wp-content\/uploads\/2021\/04\/OIP.jpg 474w, https:\/\/www.elwatan.com\/wp-content\/uploads\/2021\/04\/OIP-300x224.jpg 300w\" sizes=\"auto, (max-width: 474px) 100vw, 474px\"\/> <span class=\"featured-image-caption\">Photo : D. R.<\/span><\/div>\n<p><strong><em>L\u2019assembl\u00e9e g\u00e9n\u00e9rale \u00e9lective (AGE) du comit\u00e9 olympique alg\u00e9rien (COA), qui sera consacr\u00e9e \u00e0 l\u2019\u00e9lection de son pr\u00e9sident et les membres du comit\u00e9 ex\u00e9cutif (mandat 2021-2024) aura lieu le 8 juin prochain au niveau de la salle des conf\u00e9rences du COA, \u00e0 Ben Aknoun (Alger).<\/em><\/strong><\/p>\n<p>Avant la tenue de l\u2019AGE, l\u2019instance olympique organisera son Assembl\u00e9e G\u00e9n\u00e9rale Ordinaire (AGO) le 29 mai \u00e0 la salle des conf\u00e9rences de l\u2019h\u00f4tel El Djazair (Alger), durant laquelle seront install\u00e9es les commissions statutaires charg\u00e9es de l\u2019organisation de l\u2019AG \u00e9lective.<\/p>\n<p class=\"c5\"><strong><em>Chafik B.<\/em><\/strong><\/p>\n<p><span class=\"post-views-label\">Post Views:<\/span> <span class=\"post-views-count\">11<\/span><\/p>\n<p><br class=\"c3\"\/><\/p>\n<div class=\"ichhar-moneytagnative c6\" id=\"ichhar-1663238260\">\n<p>Advertisements<\/p>\n<\/div>\n<p><br class=\"c3\"\/><br \/>\n<br class=\"c7\"\/><\/p>\n<p>Auteur: Mohand Yahiaoui<br \/>\n<a href=\"https:\/\/www.elwatan.com\/edition\/sports\/coa-lassemblee-generale-elective-fixee-pour-le-8-juin-30-04-2021\">Cliquez ici pour lire l&rsquo;article depuis sa source.<\/a><\/p>\n","protected":false},"excerpt":{"rendered":"<p>Photo : D. R. L\u2019assembl\u00e9e g\u00e9n\u00e9rale \u00e9lective (AGE) du comit\u00e9 olympique alg\u00e9rien (COA), qui sera consacr\u00e9e \u00e0 l\u2019\u00e9lection de son pr\u00e9sident et les membres du comit\u00e9 ex\u00e9cutif (mandat 2021-2024) aura lieu le 8 juin prochain au niveau de la salle des conf\u00e9rences du COA, \u00e0 Ben Aknoun (Alger). Avant la tenue de l\u2019AGE, l\u2019instance olympique [&hellip;]<\/p>\n","protected":false},"author":1743,"featured_media":0,"comment_status":"closed","ping_status":"closed","sticky":false,"template":"","format":"standard","meta":{"fifu_image_url":"https:\/\/www.elwatan.com\/wp-content\/uploads\/2021\/04\/OIP.jpg","fifu_image_alt":"COA : L\u2019Assembl\u00e9e g\u00e9n\u00e9rale \u00e9lective fix\u00e9e pour le 8 juin","footnotes":""},"categories":[73,53],"tags":[],"class_list":["post-115898","post","type-post","status-publish","format-standard","hentry","category-actualite","category-algerie"],"_links":{"self":[{"href":"https:\/\/linitiative.ca\/International\/wp-json\/wp\/v2\/posts\/115898","targetHints":{"allow":["GET"]}}],"collection":[{"href":"https:\/\/linitiative.ca\/International\/wp-json\/wp\/v2\/posts"}],"about":[{"href":"https:\/\/linitiative.ca\/International\/wp-json\/wp\/v2\/types\/post"}],"author":[{"embeddable":true,"href":"https:\/\/linitiative.ca\/International\/wp-json\/wp\/v2\/users\/1743"}],"replies":[{"embeddable":true,"href":"https:\/\/linitiative.ca\/International\/wp-json\/wp\/v2\/comments?post=115898"}],"version-history":[{"count":0,"href":"https:\/\/linitiative.ca\/International\/wp-json\/wp\/v2\/posts\/115898\/revisions"}],"wp:attachment":[{"href":"https:\/\/linitiative.ca\/International\/wp-json\/wp\/v2\/media?parent=115898"}],"wp:term":[{"taxonomy":"category","embeddable":true,"href":"https:\/\/linitiative.ca\/International\/wp-json\/wp\/v2\/categories?post=115898"},{"taxonomy":"post_tag","embeddable":true,"href":"https:\/\/linitiative.ca\/International\/wp-json\/wp\/v2\/tags?post=115898"}],"curies":[{"name":"wp","href":"https:\/\/api.w.org\/{rel}","templated":true}]}}