{"id":115899,"date":"2021-04-30T13:33:47","date_gmt":"2021-04-30T17:33:47","guid":{"rendered":"https:\/\/linitiative.ca\/International\/mauvaise-gestion-du-foncier-industriel-a-bouira-le-directeur-de-lindustrie-releve-de-ses-fonctions\/"},"modified":"2021-04-30T13:33:47","modified_gmt":"2021-04-30T17:33:47","slug":"mauvaise-gestion-du-foncier-industriel-a-bouira-le-directeur-de-lindustrie-releve-de-ses-fonctions","status":"publish","type":"post","link":"https:\/\/linitiative.ca\/International\/mauvaise-gestion-du-foncier-industriel-a-bouira-le-directeur-de-lindustrie-releve-de-ses-fonctions\/","title":{"rendered":"Mauvaise gestion du foncier industriel \u00e0 Bouira : Le directeur de l\u2019industrie relev\u00e9 de ses fonctions"},"content":{"rendered":"<h4 class=\"title-14\"\/>\n<p><em><strong>Le directeur de l\u2019industrie et des mines (DIM) de la wilaya de Bouira, Abderrahim Abdelbaki, a \u00e9t\u00e9 d\u00e9mis, hier jeudi 29 avril de ses fonctions, a-t-on appris de source s\u00fbre.<\/strong><\/em><\/p>\n<p>Cette mesure d\u00e9cid\u00e9e par le minist\u00e8re de tutelle est motiv\u00e9e par l\u2019implication, dit-on, du d\u00e9sormais directeur de l\u2019ex\u00e9cutif dans une affaire li\u00e9e \u00e0 la gestion des affaires de la direction de l\u2019industrie.<\/p>\n<p>Il faut pr\u00e9ciser qu\u2019une enqu\u00eate a \u00e9t\u00e9 enclench\u00e9e par rapport \u00e0 la gestion du foncier industriel dans la r\u00e9gion. Avec la complicit\u00e9 des autorit\u00e9s locales, des investisseurs se sont accapar\u00e9 de plusieurs lots notamment dans les zones d\u2019activit\u00e9s et \u00e0 la zone industrielle de Sidi Khaled dans la commune de Oued El Berdi.<\/p>\n<p>D\u00e9cid\u00e9e dans le sillage des enqu\u00eates men\u00e9es par les services de s\u00e9curit\u00e9 sur les affaires de corruption et surtout de dilapidation du foncier, plusieurs op\u00e9rateurs et responsables sont soup\u00e7onn\u00e9s d\u2019avoir b\u00e9n\u00e9fici\u00e9 des avantages et de complicit\u00e9 de l\u2019administration quant \u00e0 l\u2019acquisition des terrains.<\/p>\n<p>A cet effet, les enqu\u00eateurs de la gendarmerie nationale en charge du dossier, ont auditionn\u00e9 plusieurs cadres du secteur de l\u2019industrie.<\/p>\n<p>En plus des \u00abhommes d\u2019affaires\u00bb, ayant b\u00e9n\u00e9fici\u00e9 des lots de terrains dans la zone industrielle de Sidi Khaled, sans pour autant concr\u00e9tiser leurs projets, des \u00e9lus \u00e0 l\u2019APW de Bouira et de la chambre basse du Parlement figurent parmi les b\u00e9n\u00e9ficiaires. Des ex-walis seraient aussi impliqu\u00e9s dans cette affaire, a-t-on pr\u00e9cis\u00e9.<\/p>\n<p class=\"c5\"><strong><em>Amar Fedjkhi<\/em><\/strong><\/p>\n<p><span class=\"post-views-label\">Post Views:<\/span> <span class=\"post-views-count\">43<\/span><\/p>\n<p><br class=\"c3\"\/><\/p>\n<div class=\"ichhar-moneytagnative c6\" id=\"ichhar-897648934\">\n<p>Advertisements<\/p>\n<\/div>\n<p><br class=\"c3\"\/><br \/>\n<br class=\"c7\"\/><\/p>\n<p>Auteur: Mohand Yahiaoui<br \/>\n<a href=\"https:\/\/www.elwatan.com\/edition\/actualite\/mauvaise-gestion-du-foncier-industriel-a-bouira-le-directeur-de-lindustrie-releve-de-ses-fonctions-30-04-2021\">Cliquez ici pour lire l&rsquo;article depuis sa source.<\/a><\/p>\n","protected":false},"excerpt":{"rendered":"<p>Le directeur de l\u2019industrie et des mines (DIM) de la wilaya de Bouira, Abderrahim Abdelbaki, a \u00e9t\u00e9 d\u00e9mis, hier jeudi 29 avril de ses fonctions, a-t-on appris de source s\u00fbre. Cette mesure d\u00e9cid\u00e9e par le minist\u00e8re de tutelle est motiv\u00e9e par l\u2019implication, dit-on, du d\u00e9sormais directeur de l\u2019ex\u00e9cutif dans une affaire li\u00e9e \u00e0 la gestion [&hellip;]<\/p>\n","protected":false},"author":1743,"featured_media":0,"comment_status":"closed","ping_status":"closed","sticky":false,"template":"","format":"standard","meta":{"fifu_image_url":"","fifu_image_alt":"","footnotes":""},"categories":[73,53],"tags":[],"class_list":["post-115899","post","type-post","status-publish","format-standard","hentry","category-actualite","category-algerie"],"_links":{"self":[{"href":"https:\/\/linitiative.ca\/International\/wp-json\/wp\/v2\/posts\/115899","targetHints":{"allow":["GET"]}}],"collection":[{"href":"https:\/\/linitiative.ca\/International\/wp-json\/wp\/v2\/posts"}],"about":[{"href":"https:\/\/linitiative.ca\/International\/wp-json\/wp\/v2\/types\/post"}],"author":[{"embeddable":true,"href":"https:\/\/linitiative.ca\/International\/wp-json\/wp\/v2\/users\/1743"}],"replies":[{"embeddable":true,"href":"https:\/\/linitiative.ca\/International\/wp-json\/wp\/v2\/comments?post=115899"}],"version-history":[{"count":0,"href":"https:\/\/linitiative.ca\/International\/wp-json\/wp\/v2\/posts\/115899\/revisions"}],"wp:attachment":[{"href":"https:\/\/linitiative.ca\/International\/wp-json\/wp\/v2\/media?parent=115899"}],"wp:term":[{"taxonomy":"category","embeddable":true,"href":"https:\/\/linitiative.ca\/International\/wp-json\/wp\/v2\/categories?post=115899"},{"taxonomy":"post_tag","embeddable":true,"href":"https:\/\/linitiative.ca\/International\/wp-json\/wp\/v2\/tags?post=115899"}],"curies":[{"name":"wp","href":"https:\/\/api.w.org\/{rel}","templated":true}]}}