{"id":115900,"date":"2021-04-30T13:59:57","date_gmt":"2021-04-30T17:59:57","guid":{"rendered":"https:\/\/linitiative.ca\/International\/annaba-mort-pour-un-sachet-de-lait\/"},"modified":"2021-04-30T13:59:57","modified_gmt":"2021-04-30T17:59:57","slug":"annaba-mort-pour-un-sachet-de-lait","status":"publish","type":"post","link":"https:\/\/linitiative.ca\/International\/annaba-mort-pour-un-sachet-de-lait\/","title":{"rendered":"Annaba : Mort pour un sachet de lait"},"content":{"rendered":"<h4 class=\"title-14\"\/>\n<p><strong><em>Un jeune homme, trentenaire, est d\u00e9c\u00e9d\u00e9 jeudi 29 avril en fin de journ\u00e9e \u00e0 l\u2019h\u00f4pital Ibn Rochd d\u2019Annaba des suites d\u2019un traumatisme cr\u00e2nien.<\/em><\/strong><\/p>\n<p>Deux jours plut\u00f4t, mardi, ce jeune homme a re\u00e7u un coup de b\u00e2ton \u00e0 la t\u00eate ass\u00e9n\u00e9 par un commer\u00e7ant de Chba\u00efta Mokhtar, localit\u00e9 d\u2019El Tarf \u00e0 15 km au sud Annaba, selon les informations que nous avons pu r\u00e9unir.<\/p>\n<p>Tous cela \u00e0 cause du lait en sachet. Il y a eu \u00e9change de mots, querelle et coup de b\u00e2ton mortel parce que le commer\u00e7ant, trentenaire \u00e9galement, imposait \u00e0 ses clients de prendre un autre produit avec chaque sachet de lait vendu, nous ont indiqu\u00e9 nos sources.<\/p>\n<p>De la vente concomitante qui est strictement interdite et \u00e0 laquelle s\u2019est oppos\u00e9 le jeune client aujourd\u2019hui d\u00e9c\u00e9d\u00e9.<\/p>\n<p><span class=\"post-views-label\">Post Views:<\/span> <span class=\"post-views-count\">989<\/span><\/p>\n<p><br class=\"c3\"\/><\/p>\n<div class=\"ichhar-moneytagnative c5\" id=\"ichhar-2128754117\">\n<p>Advertisements<\/p>\n<\/div>\n<p><br class=\"c3\"\/><br \/>\n<br class=\"c6\"\/><\/p>\n<p>Auteur: Mohand Yahiaoui<br \/>\n<a href=\"https:\/\/www.elwatan.com\/edition\/actualite\/annaba-mort-pour-un-sachet-de-lait-30-04-2021\">Cliquez ici pour lire l&rsquo;article depuis sa source.<\/a><\/p>\n","protected":false},"excerpt":{"rendered":"<p>Un jeune homme, trentenaire, est d\u00e9c\u00e9d\u00e9 jeudi 29 avril en fin de journ\u00e9e \u00e0 l\u2019h\u00f4pital Ibn Rochd d\u2019Annaba des suites d\u2019un traumatisme cr\u00e2nien. Deux jours plut\u00f4t, mardi, ce jeune homme a re\u00e7u un coup de b\u00e2ton \u00e0 la t\u00eate ass\u00e9n\u00e9 par un commer\u00e7ant de Chba\u00efta Mokhtar, localit\u00e9 d\u2019El Tarf \u00e0 15 km au sud Annaba, [&hellip;]<\/p>\n","protected":false},"author":1743,"featured_media":0,"comment_status":"closed","ping_status":"closed","sticky":false,"template":"","format":"standard","meta":{"fifu_image_url":"","fifu_image_alt":"","footnotes":""},"categories":[73,53],"tags":[],"class_list":["post-115900","post","type-post","status-publish","format-standard","hentry","category-actualite","category-algerie"],"_links":{"self":[{"href":"https:\/\/linitiative.ca\/International\/wp-json\/wp\/v2\/posts\/115900","targetHints":{"allow":["GET"]}}],"collection":[{"href":"https:\/\/linitiative.ca\/International\/wp-json\/wp\/v2\/posts"}],"about":[{"href":"https:\/\/linitiative.ca\/International\/wp-json\/wp\/v2\/types\/post"}],"author":[{"embeddable":true,"href":"https:\/\/linitiative.ca\/International\/wp-json\/wp\/v2\/users\/1743"}],"replies":[{"embeddable":true,"href":"https:\/\/linitiative.ca\/International\/wp-json\/wp\/v2\/comments?post=115900"}],"version-history":[{"count":0,"href":"https:\/\/linitiative.ca\/International\/wp-json\/wp\/v2\/posts\/115900\/revisions"}],"wp:attachment":[{"href":"https:\/\/linitiative.ca\/International\/wp-json\/wp\/v2\/media?parent=115900"}],"wp:term":[{"taxonomy":"category","embeddable":true,"href":"https:\/\/linitiative.ca\/International\/wp-json\/wp\/v2\/categories?post=115900"},{"taxonomy":"post_tag","embeddable":true,"href":"https:\/\/linitiative.ca\/International\/wp-json\/wp\/v2\/tags?post=115900"}],"curies":[{"name":"wp","href":"https:\/\/api.w.org\/{rel}","templated":true}]}}